{"id":837,"date":"2016-09-11T22:09:12","date_gmt":"2016-09-11T21:09:12","guid":{"rendered":"http:\/\/www.rilke.ch\/?p=837"},"modified":"2016-09-11T22:10:25","modified_gmt":"2016-09-11T21:10:25","slug":"neue-ausgabe-der-blaetter-rilkes-florenz-rilke-im-welt-bezug","status":"publish","type":"post","link":"https:\/\/www.rilke.ch\/?p=837","title":{"rendered":"Neue Ausgabe der &#8222;Bl\u00e4tter&#8220;: Rilkes Florenz \/ Rilke im Welt-Bezug"},"content":{"rendered":"<p>Die neue Ausgabe der &#8222;Bl\u00e4tter der Rilke-Gesellschaft&#8220; ist gerade erschienen und an die\u00a0Mitglieder verschickt worden.\u00a0Der\u00a0Schwerpunkt liegt auf Untersuchungen zu Rilkes Florenz-Aufenthalten, ihren Voraussetzungen und Folgen, sowie zu Rilkes poetischer und poetologischer Arbeit am Welt-Bezug seiner Dichtung. Die Abhandlungen werden durch Kurzbeitr\u00e4ge erg\u00e4nzt. Wie in den vorhergehenden B\u00e4nden werden neue Dokumente von und zu Rilke mitgeteilt und neuere Arbeiten der Rilke-Forschung rezensiert.<\/p>\n<p>Eine \u00dcbersicht s\u00e4mtlicher Beitr\u00e4ge aus dem neuesten Band finden Sie, zusammen mit s\u00e4mtlichen anderen in den &#8222;Bl\u00e4ttern&#8220; erschienenen Beitr\u00e4gen, unter <a href=\"http:\/\/www.rilke.ch\/?page_id=43\" target=\"_blank\">diesem Link<\/a>.<\/p>\n<p><a href=\"http:\/\/www.wallstein-verlag.de\/9783835319417-rilkes-florenz-rilke-im-welt-bezug.html\"><img loading=\"lazy\" decoding=\"async\" class=\"alignleft size-full wp-image-835\" src=\"http:\/\/www.rilke.ch\/wordpress\/wp-content\/uploads\/Rilkes-Florenz.png\" alt=\"Titelblatt Rilkes Florenz \/ Rilke im Weltbezug\" width=\"240\" height=\"360\" srcset=\"https:\/\/www.rilke.ch\/wordpress\/wp-content\/uploads\/Rilkes-Florenz.png 240w, https:\/\/www.rilke.ch\/wordpress\/wp-content\/uploads\/Rilkes-Florenz-200x300.png 200w\" sizes=\"auto, (max-width: 240px) 100vw, 240px\" \/><\/a><\/p>\n","protected":false},"excerpt":{"rendered":"<p>Die neue Ausgabe der &#8222;Bl\u00e4tter der Rilke-Gesellschaft&#8220; ist gerade erschienen und an die\u00a0Mitglieder verschickt worden.\u00a0Der\u00a0Schwerpunkt liegt auf Untersuchungen zu Rilkes Florenz-Aufenthalten, ihren Voraussetzungen und Folgen, sowie zu Rilkes poetischer und poetologischer Arbeit am Welt-Bezug seiner Dichtung. Die Abhandlungen werden durch Kurzbeitr\u00e4ge erg\u00e4nzt. Wie in den vorhergehenden B\u00e4nden werden neue Dokumente von und zu Rilke mitgeteilt &hellip; <a href=\"https:\/\/www.rilke.ch\/?p=837\" class=\"more-link\"><span class=\"screen-reader-text\">Neue Ausgabe der &#8222;Bl\u00e4tter&#8220;: Rilkes Florenz \/ Rilke im Welt-Bezug<\/span> weiterlesen <span class=\"meta-nav\">&rarr;<\/span><\/a><\/p>\n","protected":false},"author":1,"featured_media":0,"comment_status":"closed","ping_status":"open","sticky":false,"template":"","format":"standard","meta":{"footnotes":""},"categories":[4,1],"tags":[],"class_list":["post-837","post","type-post","status-publish","format-standard","hentry","category-aktuelles","category-allgemein"],"_links":{"self":[{"href":"https:\/\/www.rilke.ch\/index.php?rest_route=\/wp\/v2\/posts\/837","targetHints":{"allow":["GET"]}}],"collection":[{"href":"https:\/\/www.rilke.ch\/index.php?rest_route=\/wp\/v2\/posts"}],"about":[{"href":"https:\/\/www.rilke.ch\/index.php?rest_route=\/wp\/v2\/types\/post"}],"author":[{"embeddable":true,"href":"https:\/\/www.rilke.ch\/index.php?rest_route=\/wp\/v2\/users\/1"}],"replies":[{"embeddable":true,"href":"https:\/\/www.rilke.ch\/index.php?rest_route=%2Fwp%2Fv2%2Fcomments&post=837"}],"version-history":[{"count":2,"href":"https:\/\/www.rilke.ch\/index.php?rest_route=\/wp\/v2\/posts\/837\/revisions"}],"predecessor-version":[{"id":840,"href":"https:\/\/www.rilke.ch\/index.php?rest_route=\/wp\/v2\/posts\/837\/revisions\/840"}],"wp:attachment":[{"href":"https:\/\/www.rilke.ch\/index.php?rest_route=%2Fwp%2Fv2%2Fmedia&parent=837"}],"wp:term":[{"taxonomy":"category","embeddable":true,"href":"https:\/\/www.rilke.ch\/index.php?rest_route=%2Fwp%2Fv2%2Fcategories&post=837"},{"taxonomy":"post_tag","embeddable":true,"href":"https:\/\/www.rilke.ch\/index.php?rest_route=%2Fwp%2Fv2%2Ftags&post=837"}],"curies":[{"name":"wp","href":"https:\/\/api.w.org\/{rel}","templated":true}]}}