{"id":664,"date":"2016-01-13T22:45:14","date_gmt":"2016-01-13T21:45:14","guid":{"rendered":"http:\/\/www.rilke.ch\/?p=664"},"modified":"2016-01-13T22:45:14","modified_gmt":"2016-01-13T21:45:14","slug":"das-rilke-forum-ist-wieder-online","status":"publish","type":"post","link":"https:\/\/www.rilke.ch\/?p=664","title":{"rendered":"Das Rilke-Forum ist wieder online!"},"content":{"rendered":"<p>Als Facebook 2004 gegr\u00fcndet wurde, gab es das Rilke-Forum schon seit zwei Jahren. Heute werden die guten alten &#8222;Foren&#8220; zwar vom Erfolg &#8222;sozialer&#8220; Medien wie Facebook in den Schatten gestellt. In Sachen Niveau und Nachhaltigkeit aber sind sie noch immer der Kommunikation durch Facebook-Posts, Likes und Kommentare weit \u00fcberlegen.<\/p>\n<p>Rilke-Freunde k\u00f6nnen dies nun wieder durch einen Besuch des Rilke-Forums erleben. Es umfasst \u00fcber 10.000 Beitr\u00e4ge<span class=\"text_exposed_show\"> zu Rilkes Leben und Werk aus 13 Jahren. Leider war es \u00fcber fast ein Jahr wegen technischer Probleme nicht zu erreichen. Nun konnten wir es aber fast vollst\u00e4ndig &#8222;wiederbeleben&#8220;. Alle sind eingeladen auf einen etwas elaborierteren Austausch \u00fcber Rilke in der &#8211; wenn man das f\u00fcr ein Internetangebot sagen darf &#8211; sch\u00f6n altmodischen Form des Forums.<\/span><\/p>\n<div class=\"text_exposed_show\">\n<p>Diskutieren Sie uns also mit unter <a href=\"http:\/\/www.rilke.de\/phpBB3\" target=\"_blank\" rel=\"nofollow\">http:\/\/www.rilke.de\/phpBB3<\/a>!<\/p>\n<\/div>\n","protected":false},"excerpt":{"rendered":"<p>Als Facebook 2004 gegr\u00fcndet wurde, gab es das Rilke-Forum schon seit zwei Jahren. Heute werden die guten alten &#8222;Foren&#8220; zwar vom Erfolg &#8222;sozialer&#8220; Medien wie Facebook in den Schatten gestellt. In Sachen Niveau und Nachhaltigkeit aber sind sie noch immer der Kommunikation durch Facebook-Posts, Likes und Kommentare weit \u00fcberlegen. Rilke-Freunde k\u00f6nnen dies nun wieder durch &hellip; <a href=\"https:\/\/www.rilke.ch\/?p=664\" class=\"more-link\"><span class=\"screen-reader-text\">Das Rilke-Forum ist wieder online!<\/span> weiterlesen <span class=\"meta-nav\">&rarr;<\/span><\/a><\/p>\n","protected":false},"author":1,"featured_media":0,"comment_status":"closed","ping_status":"open","sticky":false,"template":"","format":"standard","meta":{"footnotes":""},"categories":[4,1],"tags":[],"class_list":["post-664","post","type-post","status-publish","format-standard","hentry","category-aktuelles","category-allgemein"],"_links":{"self":[{"href":"https:\/\/www.rilke.ch\/index.php?rest_route=\/wp\/v2\/posts\/664","targetHints":{"allow":["GET"]}}],"collection":[{"href":"https:\/\/www.rilke.ch\/index.php?rest_route=\/wp\/v2\/posts"}],"about":[{"href":"https:\/\/www.rilke.ch\/index.php?rest_route=\/wp\/v2\/types\/post"}],"author":[{"embeddable":true,"href":"https:\/\/www.rilke.ch\/index.php?rest_route=\/wp\/v2\/users\/1"}],"replies":[{"embeddable":true,"href":"https:\/\/www.rilke.ch\/index.php?rest_route=%2Fwp%2Fv2%2Fcomments&post=664"}],"version-history":[{"count":1,"href":"https:\/\/www.rilke.ch\/index.php?rest_route=\/wp\/v2\/posts\/664\/revisions"}],"predecessor-version":[{"id":665,"href":"https:\/\/www.rilke.ch\/index.php?rest_route=\/wp\/v2\/posts\/664\/revisions\/665"}],"wp:attachment":[{"href":"https:\/\/www.rilke.ch\/index.php?rest_route=%2Fwp%2Fv2%2Fmedia&parent=664"}],"wp:term":[{"taxonomy":"category","embeddable":true,"href":"https:\/\/www.rilke.ch\/index.php?rest_route=%2Fwp%2Fv2%2Fcategories&post=664"},{"taxonomy":"post_tag","embeddable":true,"href":"https:\/\/www.rilke.ch\/index.php?rest_route=%2Fwp%2Fv2%2Ftags&post=664"}],"curies":[{"name":"wp","href":"https:\/\/api.w.org\/{rel}","templated":true}]}}