{"id":1724,"date":"2026-04-09T18:21:00","date_gmt":"2026-04-09T17:21:00","guid":{"rendered":"http:\/\/www.rilke.ch\/?p=1724"},"modified":"2026-04-18T16:45:37","modified_gmt":"2026-04-18T15:45:37","slug":"rezensionen-zu-erinnerungen-an-rainer-maria-rilke","status":"publish","type":"post","link":"https:\/\/www.rilke.ch\/?p=1724","title":{"rendered":"Aktuelles"},"content":{"rendered":"\n<p class=\"has-medium-font-size\"><strong>Anmeldung ist jetzt m\u00f6glich<\/strong><\/p>\n\n\n\n<p>Sie k\u00f6nnen sich jetzt f\u00fcr das n\u00e4chste Rilke-Treffen in Marbach vom 18. bis 20. September 2026<a href=\"https:\/\/www.rilke.ch\/?page_id=1942\" data-type=\"link\" data-id=\"https:\/\/www.rilke.ch\/?page_id=1942\"> anmelden<\/a>. <\/p>\n\n\n\n<p class=\"has-medium-font-size\"><strong>Neuigkeiten aus der Fondation Rilke<\/strong><\/p>\n\n\n\n<p>Im M\u00e4rz 2026 wurde in der Fondation Rilke in Sierre\/Schweiz die von Prof. Dr. Marcel Lepper und seinem Team kuratierte neue Dauerausstellung er\u00f6ffnet, zudem hat die Fondation ihren Webauftritt erneuert und erweitert. N\u00e4heres unter <a href=\"https:\/\/www.fondationrilke.ch\/de\">Fondation Rilke<\/a>.  <\/p>\n\n\n\n<p class=\"has-medium-font-size\"><strong>Rilke Spazierg\u00e4nge<\/strong><\/p>\n\n\n\n<p>Aus Anlass von Rilkes Todesjahr werden in dem Rahmen eines &#8222;Rilke Festivals&#8220; in der Schweiz vier Spazierg\u00e4nge angeboten. Die Daten und Orte der Spazierg\u00e4nge finden Sie <a href=\"https:\/\/www.fondationrilke.ch\/de\/actualites\/festival-rilke-2026\">hier<\/a>. <\/p>\n\n\n\n<p>Auch in Deutschland gibt es malerische Spazierg\u00e4nge zur Premiere &#8222;Rilke im Park&#8220; des Theaters Aalen. N\u00e4here Informationen erhalten Sie <a href=\"https:\/\/www.theateraalen.de\/projekt\/448-rilke-im-park\">hier<\/a>. Zwei Testl\u00e4ufe finden am\u00a0Dienstag, 12.05.2026, um 18 Uhr im Schlosspark Fachsenfeld, und am Montag, 06.07.2026, um 18 Uhr im Schloss Wasseralfingen statt. Die Teilnahme ist f\u00fcr Mitglieder der Rilke-Gesellschaft nach Anmeldung unter\u00a0<a href=\"mailto:anschein@theateraalen.de\" target=\"_blank\" rel=\"noreferrer noopener\">anschein@theateraalen.de<\/a>\u00a0m\u00f6glich.<\/p>\n\n\n\n<p class=\"has-medium-font-size\"><strong>Inhaltsverzeichnis zur Rilke Werkausgabe<\/strong><\/p>\n\n\n\n<p>Auf der Website der Fondation Rilke (<a href=\"https:\/\/www.fondationrilke.ch\/de\/decouvrir\">zur Website<\/a>) ist f\u00fcr Sie nun ein Inhaltsverzeichnis der bisher erschienenen B\u00e4nde der Rilke-Werkausgabe verf\u00fcgbar. Dieses k\u00f6nnen Sie <a href=\"https:\/\/kdrive.infomaniak.com\/app\/share\/1700683\/8deb3f4c-2abf-4db4-908a-b85b59a69d4a\">hier<\/a> aufrufen.<br>Ein gro\u00dfes Danke f\u00fcr die Erstellung an Benjamin Krutzky!<\/p>\n\n\n\n<p class=\"has-medium-font-size\"><strong>&#8222;Lange Nacht&#8220; zu Rainer Maria Rilke<\/strong><\/p>\n\n\n\n<p>Im Deutschlandfunk lief aus Anlass der beiden Rilke-Jubil\u00e4en Ende Dezember 2025 eine \u201aLange Nacht&#8216; zu Rainer Maria Rilke. In dem zweieinhalbst\u00fcndigen Feature von&nbsp;Burkhard Reinartz kommen mit&nbsp;Torsten Hoffmann, Manfred Koch und Sandra Richter drei Mitglieder unserer Gesellschaft zu Wort. Nachh\u00f6ren kann man den Beitrag <a href=\"https:\/\/www.deutschlandfunkkultur.de\/lange-nacht-ueber-rainer-maria-rilke-jedes-wort-ist-eine-frage-100.html\">hier<\/a>.<\/p>\n\n\n\n<p class=\"has-medium-font-size\"><strong><strong>Rilkes 150. Geburtstag<\/strong><\/strong><\/p>\n\n\n\n<p><strong>Herzlichen Gl\u00fcckwunsch, Rainer Maria Rilke! <\/strong><br>Am 4. Dezember 2025 j\u00e4hrt sich sein Geburtstag zum 150. Mal. Im Deutschen Literaturarchiv in Marbach wird an diesem Tag die Ausstellung \u201aUnd dann und wann ein wei\u00dfer Elefant. Rilkes Welten\u2018 er\u00f6ffnet (<a href=\"https:\/\/www.dla-marbach.de\/museen\/literaturmuseum-der-moderne\/wechselausstellungen\/rilkes-welten\/\">Infos<\/a>). Im Paula Modersohn-Becker-Museum in Bremen ist aus dem gleichen Anlass noch bis zum 18.1.2026 die Ausstellung \u201aRilke und die Kunst\u2018 zu sehen (<a href=\"https:\/\/www.museen-boettcherstrasse.de\/ausstellungen\/short-stories-2\" data-type=\"link\" data-id=\"https:\/\/www.museen-boettcherstrasse.de\/ausstellungen\/short-stories-2\">Infos<\/a>), in der Landesbibliothek Oldenburg die Ausstellung \u201aUnter soviel Lider\u2018 mit Fotografien von Jan Jindra zu Lebensorten Rilkes (<a href=\"https:\/\/www.lb-oldenburg.de\/aktuelles\/veranstaltungen\/veranstaltung\/28\/11\/2025\/unter-soviel-lidern\" data-type=\"link\" data-id=\"https:\/\/www.lb-oldenburg.de\/aktuelles\/veranstaltungen\/veranstaltung\/28\/11\/2025\/unter-soviel-lidern\">Infos<\/a>).<\/p>\n\n\n\n<p>Und auch im Fernsehen bzw. in den Mediatheken k\u00f6nnen Sie Rilke jetzt vermehrt begegnen. Arte zeigt die neue Dokumentation \u201aRilke \u2013 Du musst dein Leben \u00e4ndern\u2018 (Regie: Thomas von Steinaecker, 53 min., <a href=\"https:\/\/www.arte.tv\/de\/videos\/116735-000-A\/rilke-du-musst-dein-leben-aendern\/\">zum Film<\/a>) und im SRF ist eine Sendung der Reihe \u201aSternstunde Philosophie\u2018 Rilke gewidmet; zu Gast sind dort Iris Radisch und unser Mitglied Manfred Koch, beide konnten Sie bereits im September auf unserer Prager Tagung erleben (<a href=\"https:\/\/www.srf.ch\/play\/tv\/sternstunde-philosophie\/video\/hypersensibel-und-hochbegabt-was-rilkes-poesie-zeitlos-macht?urn=urn:srf:video:49b88441-4d3d-4847-a995-deeb18a8a262\" data-type=\"link\" data-id=\"https:\/\/www.srf.ch\/play\/tv\/sternstunde-philosophie\/video\/hypersensibel-und-hochbegabt-was-rilkes-poesie-zeitlos-macht?urn=urn:srf:video:49b88441-4d3d-4847-a995-deeb18a8a262\">zum Video<\/a>).<\/p>\n\n\n\n<p class=\"has-medium-font-size\"><strong><strong>Podcast zur Rilke-Tagung in Prag<\/strong><\/strong><\/p>\n\n\n\n<p>Wir freuen uns sehr, dass es erstmals zu einer unserer Rilke-Tagungen einen ausf\u00fchrlichen Podcast gibt! Der von Vera Schneider f\u00fcr das Deutsche Kulturforum \u00f6stliches Europa produzierte Beitrag enth\u00e4lt u.a. Ausschnitte aus der Er\u00f6ffnungsrede Karl Ove Knausg\u00e5rds, aus der Lesung von Norbert Hummelt und Jan Wagner, aus dem Podiumsgespr\u00e4ch mit Manfred Koch, Sandra Richter und R\u00fcdiger Schaper sowie aus dem Vortrag von R\u00fcdiger G\u00f6rner, des Weiteren ein Interview mit Torsten Hoffmann. Anh\u00f6ren k\u00f6nnen Sie ihn <a href=\"https:\/\/www.kulturforum.info\/de\/verlag-medien\/podcasts\/von-asch-bis-zips\">hier<\/a>.<\/p>\n\n\n\n<p class=\"has-medium-font-size\"><strong><strong>Rilke-Festrede von Karl Ove Knausg\u00e5rd<\/strong><\/strong><\/p>\n\n\n\n<p>In der ZEIT vom 20. November 2025 wurde die Festrede, mit der Karl Ove Knausg\u00e5rd im September unsere Tagung in Prag er\u00f6ffnet hat, in gek\u00fcrzter Fassung abgedruckt (<a href=\"https:\/\/www.zeit.de\/2025\/49\/rainer-maria-rilke-lyriker-schriftsteller-inspiration\" data-type=\"link\" data-id=\"https:\/\/www.zeit.de\/2025\/49\/rainer-maria-rilke-lyriker-schriftsteller-inspiration\">zum Text<\/a>). Die vollst\u00e4ndige Rede wird im Herbst 2026 in den Bl\u00e4ttern der Rilke-Gesellschaft erscheinen.<\/p>\n\n\n\n<p class=\"has-medium-font-size\"><strong>Ein- und R\u00fcckblicke: Rilke-Tagung in Prag<\/strong><\/p>\n\n\n\n<p>Wenn Sie in den Er\u00f6ffnungsabend der Rilke-Tagung hineinh\u00f6ren m\u00f6chten, der am 17. September in der Deutschen Botschaft in Prag stattfand, k\u00f6nnen Sie das in einem kurzen Bericht des Deutschlandfunks tun, u.a. mit O-T\u00f6nen aus der Festrede Karl Ove Knausgards (<a href=\"https:\/\/www.deutschlandfunkkultur.de\/von-prag-nach-europa-gedenken-an-rainer-maria-rilke-in-seiner-geburtsstadt-100.html\" data-type=\"link\" data-id=\"https:\/\/www.deutschlandfunkkultur.de\/von-prag-nach-europa-gedenken-an-rainer-maria-rilke-in-seiner-geburtsstadt-100.html\">zum Audio<\/a>). Einige visuelle Impressionen der Tagung finden Sie in einem Instagram-Reel von Tatjana K\u00fchnast (Uni Regensburg), den Sie <a href=\"https:\/\/www.instagram.com\/literat.ur\/reel\/DPLsNoxCG88\/\" data-type=\"link\" data-id=\"https:\/\/www.instagram.com\/literat.ur\/reel\/DPLsNoxCG88\/\">hier<\/a> ansehen k\u00f6nnen. Und eine knappe Zusammenfassung der Tagung (mit einem Schwerpunkt auf dem Panel \u201aJunge Rilke-Forschung&#8216;) gibt es <a href=\"https:\/\/www.ipsl.cz\/index.php?id=2481&amp;lg=de&amp;menu=e-forum&amp;sub=e-forum&amp;str=text.php\" data-type=\"link\" data-id=\"https:\/\/www.ipsl.cz\/index.php?id=2481&amp;lg=de&amp;menu=e-forum&amp;sub=e-forum&amp;str=text.php\">hier<\/a>.<\/p>\n\n\n\n<p class=\"has-medium-font-size\"><strong>Mitgliederversammlung in Prag: Neuer Vorstand gew\u00e4hlt, Prof. Dr. Erich Unglaub zum Ehrenmitglied ernannt, Termine der n\u00e4chsten Tagungen<\/strong><\/p>\n\n\n\n<p>Auf unserer Mitgliederversammlung, die am 19. September 2025 in Prag stattfand, wurden Pr\u00e4sident und Vorstand der Rilke-Gesellschaft neu gew\u00e4hlt. Prof. Dr. Torsten Hoffmann (Stuttgart) wurde als Pr\u00e4sident best\u00e4tigt, dem neuen Vorstand geh\u00f6ren an: Prof. Dr. Dr. h.c. Renate Breuninger (Ulm), Dr. Lucas Marco Gisi (Bern), Prof. Dr. Katrin Kohl (Oxford), Elvira Lauscher (Blaustein), Prof. Dr. Moira Paleari (Mailand), Dr. Silke Pasewalck (Oldenburg), Fynn Carl Sch\u00e4ffler (Wien) und Dr. Ivo Theele (Flensburg). Torsten Hoffmann dankte den ausscheidenden Vorstandsmitgliedern herzlich f\u00fcr ihre Arbeit. Zudem wurde Prof. Dr. Erich Unglaub zum Ehrenmitglied der Rilke-Gesellschaft zu ernannt. <br>Das n\u00e4chste Rilke-Treffen widmet sich vom 18.-20.9.2026 im Deutschen Literaturarchiv Marbach dem Thema \u201aRilke im Archiv&#8216;; die n\u00e4chste gro\u00dfe Tagung findet vom 22.-25.9.2027 zum Thema \u201aRilke in Spanien (und der Islam)&#8216; in Ronda\/Spanien statt.<\/p>\n\n\n\n<p class=\"has-medium-font-size\"><strong>Rilke-Weltkarte<\/strong><\/p>\n\n\n\n<p>Rilkes Welt ist un\u00fcbersichtlich: Kaum ein anderer Schriftsteller ist um 1900 so viel gereist und hat an so vielen unterschiedlichen Orten gelebt wie Rilke. Dank unseres Mitglieds Fynn Carl Sch\u00e4ffler k\u00f6nnen Sie sich jetzt auf einen Blick eine \u00dcbersicht verschaffen \u2013 auf der Rilke-Weltkarte, die Sie <a href=\"https:\/\/www.google.com\/maps\/d\/edit?mid=1ETGaS0dfn80i5C1szIb32mAeDE5WAtc&amp;usp=sharing\">hier<\/a> finden. Sie verzeichnet die meisten von Rilkes Aufenthaltsorten sowie einige in seinen Werken genannte Orte.<\/p>\n\n\n\n<p>Zur Orientierung auf der Karte: Rote Markierungen stehen f\u00fcr Orte aus Rilkes Leben, die sich genau ermitteln lie\u00dfen. Violette Markierungen bekamen Orte, die nicht genau zugeordnet werden konnten, aber auch ungenauere Orte wie z.B. Parks. Violettfarbene Markierungen mit einem Stadtnamen haben St\u00e4dte bekommen, wenn ein spezifischer Ort in dieser Stadt nicht genau ermittelt werden konnte. Orange Markierungen bekamen sog. &#8222;Sammelorte&#8220;. Das sind alle St\u00e4dte, die mehr als f\u00fcnf ungenaue Eintr\u00e4ge unter der eigenen Stadtmarkierung (violett) vermerkt hatten. Blaue Markierungen bekamen Orte, die in Rilkes Werk erw\u00e4hnt werden.<\/p>\n\n\n\n<p>Wenn Sie mehr \u00fcber einen Ort erfahren m\u00f6chten, klicken Sie auf das jeweilige &#8222;R&#8220; um eine kurze Beschreibung mit Quellenangabe zu erhalten.<\/p>\n\n\n\n<p>Die Karte ist als grober \u00dcberblick gedacht, Orte k\u00f6nnten daher ungenau eingetragen sein; es wurde sich jedoch um Genauigkeit bem\u00fcht. Zudem befindet sich die Karte momentan noch im Aufbau, es kann daher zu Ver\u00e4nderungen kommen.<\/p>\n\n\n\n<p class=\"has-medium-font-size\"><strong>Besonderer Druck von Rilkes Zwetajewa-Elegie<\/strong><\/p>\n\n\n\n<p>In der Meraner Offizin S ist jetzt Rilkes &#8218;Elegie&#8216; f\u00fcr Marina Zwetajewa mit einer Lithographie und einem Nachwort unseres Mitglieds Prof. Dr. R\u00fcdiger G\u00f6rner als Liebhaberdruck erstellt worden, und zwar auf einer Handpresse von Siegfried H\u00f6llrigl. Die Handpresse entspricht einem fr\u00fchen Original in Brixen und ist von ihm selbst nachgebaut. Die Auflage liegt bei 15 Exemplaren, der Preis bei 150 \u20ac pro Exemplar. Bezogen werden kann der Druck direkt \u00fcber Siegfried H\u00f6llrigl, Offizin S, Hallergasse 5, I-39012 Meran, Tel: 0039-0473212354, E-Mail:&nbsp;<a href=\"mailto:galerie.offizins@gmail.com\" target=\"_blank\" rel=\"noreferrer noopener\">galerie.offizins@gmail.com<\/a>.<\/p>\n\n\n\n<p class=\"has-medium-font-size\"><strong>Werden Sie Mitglied der Rilke-Gesellschaft!<\/strong><\/p>\n\n\n\n<p>Im Jubil\u00e4umsjahr liegt es nat\u00fcrlich besonders nahe, Mitglied der Rilke-Gesellschaft zu werden! Als Mitglied bekommen Sie zweij\u00e4hrlich die Bl\u00e4tter der Rilke-Gesellschaft sowie die Tagungsbrosch\u00fcre kostenlos zugeschickt, zahlen einen erm\u00e4\u00dfigten Tagungsbeitrag, werden als erste mit Informationen rund um die Rilke-Gesellschaft versorgt \u2013 und unterst\u00fctzen die Erforschung und Verbreitung von Rilkes Werk. Dazu kommt jetzt noch ein Jubil\u00e4ums-Begr\u00fc\u00dfungsgeschenk: Wer 2025 Mitglied wird, erh\u00e4lt die aktuellen Rilke-Bl\u00e4tter sowie Rilkes fr\u00fchen Gedichtband \u201aMir zur Feier\u2018, den unsere Mitglieder Gerhard Mayer und Erich Unglaub 2025 neu herausgegeben haben, und zwar erstmals seit 1899 wieder in der Originalfassung mit den Illustrationen des Worpsweder K\u00fcnstlers Heinrich Vogeler. Klicken Sie oben auf \u201aBeitritt\u2018 und melden sich an \u2013 wir freuen uns auf Sie!<\/p>\n\n\n\n<p class=\"has-medium-font-size\"><strong>Radio-Feature zu Rilke<\/strong><\/p>\n\n\n\n<p>In der Reihe \u201aTonspuren\u2019 des ORF ist das Feature \u201aRilke in Paris &#8211; zum 150. Geburtstag\u2019 erschienen, in dem mehrere Mitglieder der Rilke-Gesellschaft zu Wort kommen und zitiert werden. Sie k\u00f6nnen es <a href=\"https:\/\/oe1.orf.at\/programm\/20250422\/791949\/Rilke-in-Paris-zum-150-Geburtstag\">hier<\/a> anh\u00f6ren.<\/p>\n\n\n\n<p class=\"has-medium-font-size\"><strong>Anmeldung zur Rilke-Tagung 2025 er\u00f6ffnet!<\/strong><\/p>\n\n\n\n<p>Unsere Tagung zu Rilkes 150. Geburtstag findet vom 17. bis zum 20. September 2025 in seiner Geburtsstadt Prag statt und tr\u00e4gt den Titel \u201aVon Prag nach Europa\u2018. Das Programm, weitere Infos und die M\u00f6glichkeit zur Anmeldung finden Sie <a href=\"https:\/\/www.rilke.ch\/?page_id=1760\">hier<\/a>.<\/p>\n\n\n\n<p class=\"has-medium-font-size\"><strong>Panel \u201aJunge Rilke-Forschung\u2018<\/strong><\/p>\n\n\n\n<p>Auch auf der kommenden Rilke-Tagung in Prag wird es wieder ein Panel \u201aJunge Rilke-Forschung\u2018 geben. Das Thema lautet \u201aRilkes Texte in interkultureller Perspektive\u2018, eine Bewerbung ist bis zum 30. April 2025 m\u00f6glich. Genauere Infos finden Sie <a href=\"https:\/\/networks.h-net.org\/group\/announcements\/20063144\/41-tagung-der-internationalen-rilke-gesellschaft-zum-thema-von-prag\" data-type=\"link\" data-id=\"https:\/\/networks.h-net.org\/group\/announcements\/20063144\/41-tagung-der-internationalen-rilke-gesellschaft-zum-thema-von-prag\">hier<\/a>.<\/p>\n\n\n\n<p class=\"has-medium-font-size\"><strong>Jubil\u00e4umsgabe<\/strong><\/p>\n\n\n\n<p>Unsere Mitglieder Gerhard Mayer und Erich Unglaub haben Rilkes fr\u00fchen Gedichtband \u201aMir zur Feier\u2018 neu herausgegeben, und zwar erstmals seit 1899 wieder in der Originalfassung mit den Illustrationen des Worpsweder K\u00fcnstlers Heinrich Vogeler. Allen Mitgliedern der Rilke-Gesellschaft wird der Band als Jubil\u00e4umsgabe kostenlos zugeschickt. Wer 2025 neu in die Rilke-Gesellschaft eintritt, bekommt das Buch zur Begr\u00fc\u00dfung geschenkt. Infos zum Eintritt finden Sie <a href=\"https:\/\/www.rilke.ch\/?page_id=146\" data-type=\"link\" data-id=\"https:\/\/www.rilke.ch\/?page_id=146\">hier<\/a>, Infos zum Buch <a href=\"https:\/\/schwabe.ch\/Rainer-Maria-Rilke-Mir-zur-Feier-978-3-7965-5294-6\">hier.<\/a><\/p>\n\n\n\n<p class=\"has-medium-font-size\"><strong>Virtuelles Netzwerktreffen \u201aJunge Rilke-Forschung\u2018<\/strong><\/p>\n\n\n\n<p>Erg\u00e4nzend zu den j\u00e4hrlichen Rilke-Treffen bzw. Rilke-Tagungen in Pr\u00e4senz findet am 9. April 2025 von 18:00\u201319:30 Uhr zum ersten Mal ein Virtuelles Netzwerktreffen \u201aJunge Rilke-Forschung\u2018 statt. Eingeladen sind Studierende, Promovierende und Forschende vor der Habilitation, die sich mit Rilke besch\u00e4ftigen (wollen). Wir m\u00f6chten damit die M\u00f6glichkeit geben, (wieder) miteinander ins Gespr\u00e4ch und in den Austausch zu kommen. Daf\u00fcr erscheint uns das Rilke-Jahr 2025 besonders geeignet. Wer Interesse hat, sei ermuntert, sich bei Dr. Ivo Theele anzumelden (<a href=\"mailto:Ivo.Theele@uni-flensburg.de\">Ivo.Theele@uni-flensburg.de<\/a>).<\/p>\n\n\n\n<p class=\"has-medium-font-size\"><strong>Tagung zum Rilke-Jubil\u00e4um<\/strong><\/p>\n\n\n\n<p>Die Tagung der Internationalen Rilke-Gesellschaft zum 150. Geburtstag Rainer Maria Rilkes wird vom 17. bis 20. September 2025 in Rilkes Geburtsstadt Prag stattfinden. Sie tr\u00e4gt den Titel \u201aVon Prag nach Europa\u2018 und widmet sich Rilke als europ\u00e4ischem Dichter. Er\u00f6ffnet wird sie am 17. September mit einer Festrede des norwegischen Autors Karl Ove Knausg\u00e5rd in der Deutschen Botschaft, die weiteren Tagungsorte sind die Karls-Universit\u00e4t und das Goethe-Institut. Das Programm und die M\u00f6glichkeit zur Anmeldung finden Sie ab Anfang April an dieser Stelle.<\/p>\n\n\n\n<p class=\"has-medium-font-size\"><strong>Rilke-Biografien<\/strong><\/p>\n\n\n\n<p>Die ersten beiden Rilke-Biografien des Jubil\u00e4umsjahres sind erschienen, sie stammen von Manfred Koch (Beck Verlag, <a href=\"https:\/\/www.chbeck.de\/koch-rilke\/product\/36959124\" data-type=\"link\" data-id=\"https:\/\/www.chbeck.de\/koch-rilke\/product\/36959124\">Infos<\/a>) und Sandra Richter (Insel Verlag, <a href=\"https:\/\/www.rilke.ch\/?page_id=1856\" data-type=\"page\" data-id=\"1856\">Infos<\/a>). Beide werden auf unserer Prager Tagung an einem Podiumsgespr\u00e4ch teilnehmen. Das Tagungsprogramm steht hier ab Anfang April online.<\/p>\n\n\n\n<p class=\"has-medium-font-size\"><strong>Masterclass der Fondation Rilke<\/strong><\/p>\n\n\n\n<p>Die Fondation Rilke in Sierre\/Schweiz setzt im August&nbsp;<strong>2025<\/strong>&nbsp;ihr Programm der&nbsp;<strong>Masterclass Rilke<\/strong>&nbsp;unter der Leitung von Prof. Dr. Christoph K\u00f6nig fort. In diesem Jahr wird sie sich dem Sp\u00e4twerk Rilkes widmen, insbesondere den franz\u00f6sischsprachigen Zyklen. Bewerbungen k\u00f6nnen bis zum&nbsp;<strong>31. Mai 2025<\/strong>&nbsp;eingereicht werden. N\u00e4here Informationen finden Sie hier: <a href=\"https:\/\/fondationrilke.ch\/wp-content\/uploads\/2025\/02\/Appel-a-candidatures.pdf\">https:\/\/fondationrilke.ch\/wp-content\/uploads\/2025\/02\/Appel-a-candidatures.pdf<\/a><\/p>\n\n\n\n<p class=\"has-medium-font-size\"><strong>Rilke-R\u00e4tsel<\/strong> <\/p>\n\n\n\n<p>Prof. Dr. Gunter Maier aus Fellbach hat sich zum Rilke-Jahr ein Kreuzwortr\u00e4tsel ausgedacht. Wir danken ihm f\u00fcr die Einsendung \u2013 <a href=\"http:\/\/www.rilke.ch\/wordpress\/wp-content\/uploads\/Rilke_Kreuzwortraetsel.pdf\" data-type=\"link\" data-id=\"http:\/\/www.rilke.ch\/wordpress\/wp-content\/uploads\/Rilke_Kreuzwortraetsel.pdf\">hier geht\u2019s zum R\u00e4tsel<\/a><\/p>\n\n\n\n<p class=\"has-medium-font-size\"><strong>Briefwechsel Rilke &#8211; Ilse Blumenthal-Weiss<\/strong><\/p>\n\n\n\n<p>Auf dem Rilke-Treffen 2022 zum Thema \u201aRilke und das Judentum\u2018 haben Torsten Hoffmann und Anna-Dorothea Ludewig (Moses Mendelssohn Zentrum f\u00fcr europ\u00e4isch-j\u00fcdische Studien) Rilkes Briefwechsel mit Ilse Blumenthal-Weiss (1899-1987) vorgestellt \u2013 jetzt ist er im Wallstein Verlag erschienen. Erg\u00e4nzt werden die Briefe um Rilkes 1906 verfasste \u00f6ffentliche Stellungnahme zum Judentum sowie um Aufs\u00e4tze und Essays (zu Rilke und zu deutsch-j\u00fcdischen Fragen) von Blumenthal-Weiss, die sich als erste mit Rilkes ambivalentem Verh\u00e4ltnis zum Judentum besch\u00e4ftigt hat.\u201c<\/p>\n\n\n<div class=\"wp-block-image\">\n<figure class=\"aligncenter size-full is-resized\"><img loading=\"lazy\" decoding=\"async\" width=\"350\" height=\"583\" src=\"https:\/\/www.rilke.ch\/wordpress\/wp-content\/uploads\/9783835355736l.png\" alt=\"\" class=\"wp-image-1805\" style=\"width:250px;height:auto\" srcset=\"https:\/\/www.rilke.ch\/wordpress\/wp-content\/uploads\/9783835355736l.png 350w, https:\/\/www.rilke.ch\/wordpress\/wp-content\/uploads\/9783835355736l-180x300.png 180w\" sizes=\"auto, (max-width: 350px) 100vw, 350px\" \/><\/figure><\/div>\n\n\n<p class=\"has-medium-font-size\"><strong>Presseschau zur letzten Rilke-Tagung<\/strong><\/p>\n\n\n\n<p>Iris Radisch in der <strong>ZEIT<\/strong><br>\u2026 \u00fcber Rilkes Elegien als die \u201efaszinierendsten Selbstgespr\u00e4che der Literatur\u201c, \u00fcber Muzot als \u201esafe space \u2026 am Ende seines internationalen Nomadenlebens\u201c und die ewigen Fragen: \u201eAus welchem Dunkel kommen wir? \u2026 Und wozu genau sind wir noch mal auf Erden?\u201c schlie\u00dflich \u00fcber das \u201esympathische V\u00f6lkchen der internationalen Rilke-Spezialisten\u201c und einer Tagung als \u201eWiederverzauberungsfeuerwerk\u201c.<br><a href=\"https:\/\/www.zeit.de\/2023\/54\/duineser-elegien-rainer-maria-rilke-lyrik-duino\">https:\/\/www.zeit.de\/2023\/54\/duineser-elegien-rainer-maria-rilke-lyrik-duino<\/a><\/p>\n\n\n\n<p>R\u00fcdiger Schaper im <strong>TAGESSPIEGEL<\/strong><br>\u2026 zu einigem \u201e\u00dcberraschenden\u201c auf der 40. Tagung der Rilke-Gesellschaft, zu Nachhaltigkeit, Klangqualit\u00e4t und einer Dichtung die sich \u201eals widerst\u00e4ndig und pr\u00e4sent\u201c erweist und die gro\u00dfen Erwartungen an den \u201egro\u00dfen Rilke-Nachlass\u201c.<br><a href=\"https:\/\/www.tagesspiegel.de\/kultur\/wo-engel-absteigen-100-jahre-elegien-auf-rainer-maria-rilkes-spuren-in-der-schweiz-10523863.html\">https:\/\/www.tagesspiegel.de\/kultur\/wo-engel-absteigen-100-jahre-elegien-auf-rainer-maria-rilkes-spuren-in-der-schweiz-10523863.html<\/a> <\/p>\n\n\n\n<p class=\"has-medium-font-size\"><strong>Wallstein Verlag beginnt historisch-kritische Rilke-Ausgabe<\/strong><\/p>\n\n\n\n<p>Duineser Elegien und zugeh\u00f6rige Gedichte 1912-1922. Hg. Christopher K\u00f6nig, Erster Band der Reihe <em>Rainer Maria Rilke. Werke<\/em> Wallstein Verlag 2023<br>Historisch-kritische Ausgabe, 494 S., 14 \u00fcberw. farb. Abb., Leinen, Schutzumschlag mit Leseb\u00e4ndchen, 12 x 19 cm, ISBN 978-3-8353-5465-4<\/p>\n\n\n<div class=\"wp-block-image\">\n<figure class=\"aligncenter size-full\"><img loading=\"lazy\" decoding=\"async\" width=\"350\" height=\"552\" src=\"https:\/\/www.rilke.ch\/wordpress\/wp-content\/uploads\/9783835354654l.png\" alt=\"\" class=\"wp-image-1771\" srcset=\"https:\/\/www.rilke.ch\/wordpress\/wp-content\/uploads\/9783835354654l.png 350w, https:\/\/www.rilke.ch\/wordpress\/wp-content\/uploads\/9783835354654l-190x300.png 190w\" sizes=\"auto, (max-width: 350px) 100vw, 350px\" \/><\/figure><\/div>\n\n\n<p>Mit den \u00bbWerken\u00ab wird erstmals eine vollst\u00e4ndige, auf 26 B\u00e4nde angelegte Ausgabe der Werke Rilkes erscheinen. Die Edition reicht von den Jugendgedichten bis zu den am Ende von Rilkes Leben entstandenen, franz\u00f6sischsprachigen Gedichten und teilt die Entw\u00fcrfe und Vorstufen der Werke Rilkes mit.<br>Die Ausgabe ist modular aufgebaut. Jeder der 26 geplanten B\u00e4nde kann f\u00fcr sich stehen. Regelm\u00e4\u00dfig zum Herbst sollen ein bis zwei B\u00e4nde erscheinen. Der Leser erh\u00e4lt tiefe Einblicke in den<br>Schaffensprozess. Der philologisch verl\u00e4ssliche Text basiert auf zahlreichen Materialien aus Rilkes bislang unbekanntem privatem Nachlass, der 2022 vom Deutschen Literaturarchiv erworben wurde.\u201c (website Wallstein Verlag, gek\u00fcrzt)<\/p>\n\n\n\n<p class=\"has-medium-font-size\"><strong>Rezensionen zu &#8222;Erinnerungen an Rainer Maria Rilke&#8220;<\/strong><\/p>\n\n\n\n<p>Der von Curdin Ebneter und Erich Unglaub herausgegebene Band aus der Reihe &#8222;En face&#8220; (Nimbus Verlag) ist im Times Literary Supplement (TLS)  und in der Frankfurter Allgemeinen Zeitung (FAZ) rezensiert worden.<\/p>\n\n\n\n<p>In der <strong>FAZ <\/strong>schreibt Rosa-Maria Gropp, Rilke erscheine &#8222;in all seinen brillanten und abseitigen Facetten beleuchtet, bleibt dabei Epochenfigur, Repr\u00e4sentant&nbsp;<em>par excellence<\/em>&nbsp;einer Moderne. Die beiden Herausgeber haben ein wahrhaft wertvolles Quellenwerk zusammengebracht, noch auszuloten von der Literaturwissenschaft und dar\u00fcber hinaus.&#8220; <\/p>\n\n\n\n<p><em>Die Rezension von Rosa-Maria Gropp ist <a rel=\"noreferrer noopener\" href=\"https:\/\/www.faz.net\/aktuell\/feuilleton\/buecher\/rezensionen\/belletristik\/rezension-zu-dreibaendigen-zeitgenostimmenen-ueber-rilke-18990650.html#:~:text=Besonders%20attraktiv%20macht%20die%20Materialsammlung,in%20%C3%B6ffentlichen%20und%20privaten%20Archiven.\" target=\"_blank\"><strong>hier abrufbar<\/strong><\/a> (ggf. hilft der &#8222;Inkognito&#8220;-Modus des Browsers, den Artikel ganz zu lesen)<\/em><\/p>\n\n\n\n<p>Charlie Louth hebt im <strong>TLS <\/strong>hervor: &#8222;But it is striking that his self-image and his image in others\u2019 eyes are mostly congruent. With some instructive exceptions, his friends and acquaintances seem to have been captivated by his presence and to have tuned into his self-projections, though another way of putting it would be to say that he was remarkably consistent in his personality.&#8220; <\/p>\n\n\n\n<p><em>Charlie Louths Rezension<strong> <a rel=\"noreferrer noopener\" href=\"https:\/\/www.the-tls.co.uk\/articles\/erinnerungen-an-rainer-maria-rilke-edited-curdin-ebneter-and-erich-unglaub-book-review-charlie-louth\/\" target=\"_blank\">finden Sie hier<\/a><\/strong> (sie ist in ihrer G\u00e4nze aber zahlenden Leserinnen und Lesern vorbehalten).<\/em><\/p>\n\n\n\n<p>Hier geht es zur <a rel=\"noreferrer noopener\" href=\"http:\/\/www.nimbusbooks.ch\/buch\/erinnerungen-rainer-maria-rilke\" target=\"_blank\"><strong>Seite des Buchs selbst beim Nimbus Verlag<\/strong><\/a>.<\/p>\n\n\n<div class=\"wp-block-image\">\n<figure class=\"aligncenter size-large is-resized\"><a href=\"http:\/\/www.nimbusbooks.ch\/buch\/erinnerungen-rainer-maria-rilke\"><img loading=\"lazy\" decoding=\"async\" width=\"575\" height=\"1024\" src=\"http:\/\/www.rilke.ch\/wordpress\/wp-content\/uploads\/cover_rilke_bd-1-1-575x1024.jpg\" alt=\"\" class=\"wp-image-1725\" style=\"width:374px;height:auto\" srcset=\"https:\/\/www.rilke.ch\/wordpress\/wp-content\/uploads\/cover_rilke_bd-1-1-575x1024.jpg 575w, https:\/\/www.rilke.ch\/wordpress\/wp-content\/uploads\/cover_rilke_bd-1-1-169x300.jpg 169w, https:\/\/www.rilke.ch\/wordpress\/wp-content\/uploads\/cover_rilke_bd-1-1-768x1367.jpg 768w, https:\/\/www.rilke.ch\/wordpress\/wp-content\/uploads\/cover_rilke_bd-1-1-863x1536.jpg 863w, https:\/\/www.rilke.ch\/wordpress\/wp-content\/uploads\/cover_rilke_bd-1-1-1151x2048.jpg 1151w, https:\/\/www.rilke.ch\/wordpress\/wp-content\/uploads\/cover_rilke_bd-1-1-scaled.jpg 1438w\" sizes=\"auto, (max-width: 575px) 100vw, 575px\" \/><\/a><\/figure><\/div>","protected":false},"excerpt":{"rendered":"<p>Anmeldung ist jetzt m\u00f6glich Sie k\u00f6nnen sich jetzt f\u00fcr das n\u00e4chste Rilke-Treffen in Marbach vom 18. bis 20. September 2026 anmelden. Neuigkeiten aus der Fondation Rilke Im M\u00e4rz 2026 wurde in der Fondation Rilke in Sierre\/Schweiz die von Prof. Dr. Marcel Lepper und seinem Team kuratierte neue Dauerausstellung er\u00f6ffnet, zudem hat die Fondation ihren Webauftritt &hellip; <a href=\"https:\/\/www.rilke.ch\/?p=1724\" class=\"more-link\"><span class=\"screen-reader-text\">Aktuelles<\/span> weiterlesen <span class=\"meta-nav\">&rarr;<\/span><\/a><\/p>\n","protected":false},"author":1,"featured_media":0,"comment_status":"closed","ping_status":"open","sticky":false,"template":"","format":"standard","meta":{"footnotes":""},"categories":[4],"tags":[],"class_list":["post-1724","post","type-post","status-publish","format-standard","hentry","category-aktuelles"],"_links":{"self":[{"href":"https:\/\/www.rilke.ch\/index.php?rest_route=\/wp\/v2\/posts\/1724","targetHints":{"allow":["GET"]}}],"collection":[{"href":"https:\/\/www.rilke.ch\/index.php?rest_route=\/wp\/v2\/posts"}],"about":[{"href":"https:\/\/www.rilke.ch\/index.php?rest_route=\/wp\/v2\/types\/post"}],"author":[{"embeddable":true,"href":"https:\/\/www.rilke.ch\/index.php?rest_route=\/wp\/v2\/users\/1"}],"replies":[{"embeddable":true,"href":"https:\/\/www.rilke.ch\/index.php?rest_route=%2Fwp%2Fv2%2Fcomments&post=1724"}],"version-history":[{"count":40,"href":"https:\/\/www.rilke.ch\/index.php?rest_route=\/wp\/v2\/posts\/1724\/revisions"}],"predecessor-version":[{"id":2021,"href":"https:\/\/www.rilke.ch\/index.php?rest_route=\/wp\/v2\/posts\/1724\/revisions\/2021"}],"wp:attachment":[{"href":"https:\/\/www.rilke.ch\/index.php?rest_route=%2Fwp%2Fv2%2Fmedia&parent=1724"}],"wp:term":[{"taxonomy":"category","embeddable":true,"href":"https:\/\/www.rilke.ch\/index.php?rest_route=%2Fwp%2Fv2%2Fcategories&post=1724"},{"taxonomy":"post_tag","embeddable":true,"href":"https:\/\/www.rilke.ch\/index.php?rest_route=%2Fwp%2Fv2%2Ftags&post=1724"}],"curies":[{"name":"wp","href":"https:\/\/api.w.org\/{rel}","templated":true}]}}