{"id":1716,"date":"2023-04-20T07:24:31","date_gmt":"2023-04-20T06:24:31","guid":{"rendered":"http:\/\/www.rilke.ch\/?p=1716"},"modified":"2023-04-20T07:24:31","modified_gmt":"2023-04-20T06:24:31","slug":"masterclass-rilke-in-sierre-2","status":"publish","type":"post","link":"https:\/\/www.rilke.ch\/?p=1716","title":{"rendered":"Masterclass Rilke in Sierre"},"content":{"rendered":"\n<p>Die vierte Masterclass Rilke der Fondation Rilke findet vom 14.-18. August 2023 im Ch\u00e2teau Mercier in Sierre statt. Die Leitung hat wie schon in den Jahren 2017, 2018 und 2021 Prof. Dr. Christoph K\u00f6nig (Universit\u00e4t Osnabr\u00fcck) inne. Die Masterclass 2023 gilt Rainer Maria Rilkes Zyklus \u203aDuineser Elegien\u2039. Die immense Popularit\u00e4t der zehn Elegien wird der Schwierigkeit der Gedichte gegen\u00fcbergestellt: L\u00e4sst sich die Wirkung gerade durch eine Lekt\u00fcre ergr\u00fcnden, die die Fremdheit der Elegien zu wahren sucht? Die Masterclass Rilke verbindet die gemeinsame, insistierende lecture \u00e0 plusieurs der Gedichte des Zyklus samt zugeh\u00f6rigen Fragmenten mit methodischen Fragen: Wie liest man? Wie l\u00e4sst sich die Lekt\u00fcre reflektieren? Welche Bedeutung hat die Geschichte der Interpretationskonflikte f\u00fcr die Lekt\u00fcre?<\/p>\n\n\n\n<p>Weitere Informationen finden Sie hier: <\/p>\n\n\n\n<div data-wp-interactive=\"core\/file\" class=\"wp-block-file\"><object data-wp-bind--hidden=\"!state.hasPdfPreview\" hidden class=\"wp-block-file__embed\" data=\"http:\/\/www.rilke.ch\/wordpress\/wp-content\/uploads\/Masterclass-Rilke-2023.pdf\" type=\"application\/pdf\" style=\"width:100%;height:600px\" aria-label=\"Einbettung von Masterclass-Rilke-2023.\"><\/object><a id=\"wp-block-file--media-8c0f2fbb-cbdf-41cf-9a56-1383c7efe3a1\" href=\"http:\/\/www.rilke.ch\/wordpress\/wp-content\/uploads\/Masterclass-Rilke-2023.pdf\">Masterclass-Rilke-2023<\/a><a href=\"http:\/\/www.rilke.ch\/wordpress\/wp-content\/uploads\/Masterclass-Rilke-2023.pdf\" class=\"wp-block-file__button wp-element-button\" download aria-describedby=\"wp-block-file--media-8c0f2fbb-cbdf-41cf-9a56-1383c7efe3a1\">Herunterladen<\/a><\/div>\n","protected":false},"excerpt":{"rendered":"<p>Die vierte Masterclass Rilke der Fondation Rilke findet vom 14.-18. August 2023 im Ch\u00e2teau Mercier in Sierre statt. Die Leitung hat wie schon in den Jahren 2017, 2018 und 2021 Prof. Dr. Christoph K\u00f6nig (Universit\u00e4t Osnabr\u00fcck) inne. Die Masterclass 2023 gilt Rainer Maria Rilkes Zyklus \u203aDuineser Elegien\u2039. Die immense Popularit\u00e4t der zehn Elegien wird der &hellip; <a href=\"https:\/\/www.rilke.ch\/?p=1716\" class=\"more-link\"><span class=\"screen-reader-text\">Masterclass Rilke in Sierre<\/span> weiterlesen <span class=\"meta-nav\">&rarr;<\/span><\/a><\/p>\n","protected":false},"author":1,"featured_media":0,"comment_status":"closed","ping_status":"open","sticky":false,"template":"","format":"standard","meta":{"footnotes":""},"categories":[1],"tags":[],"class_list":["post-1716","post","type-post","status-publish","format-standard","hentry","category-allgemein"],"_links":{"self":[{"href":"https:\/\/www.rilke.ch\/index.php?rest_route=\/wp\/v2\/posts\/1716","targetHints":{"allow":["GET"]}}],"collection":[{"href":"https:\/\/www.rilke.ch\/index.php?rest_route=\/wp\/v2\/posts"}],"about":[{"href":"https:\/\/www.rilke.ch\/index.php?rest_route=\/wp\/v2\/types\/post"}],"author":[{"embeddable":true,"href":"https:\/\/www.rilke.ch\/index.php?rest_route=\/wp\/v2\/users\/1"}],"replies":[{"embeddable":true,"href":"https:\/\/www.rilke.ch\/index.php?rest_route=%2Fwp%2Fv2%2Fcomments&post=1716"}],"version-history":[{"count":1,"href":"https:\/\/www.rilke.ch\/index.php?rest_route=\/wp\/v2\/posts\/1716\/revisions"}],"predecessor-version":[{"id":1718,"href":"https:\/\/www.rilke.ch\/index.php?rest_route=\/wp\/v2\/posts\/1716\/revisions\/1718"}],"wp:attachment":[{"href":"https:\/\/www.rilke.ch\/index.php?rest_route=%2Fwp%2Fv2%2Fmedia&parent=1716"}],"wp:term":[{"taxonomy":"category","embeddable":true,"href":"https:\/\/www.rilke.ch\/index.php?rest_route=%2Fwp%2Fv2%2Fcategories&post=1716"},{"taxonomy":"post_tag","embeddable":true,"href":"https:\/\/www.rilke.ch\/index.php?rest_route=%2Fwp%2Fv2%2Ftags&post=1716"}],"curies":[{"name":"wp","href":"https:\/\/api.w.org\/{rel}","templated":true}]}}