{"id":1712,"date":"2023-04-20T07:29:45","date_gmt":"2023-04-20T06:29:45","guid":{"rendered":"http:\/\/www.rilke.ch\/?p=1712"},"modified":"2023-04-20T07:29:45","modified_gmt":"2023-04-20T06:29:45","slug":"alles-zur-rilke-tagung-in-sierre-100-jahre-duineser-elegien","status":"publish","type":"post","link":"https:\/\/www.rilke.ch\/?p=1712","title":{"rendered":"Alles zur Rilke-Tagung in Sierre : 100 Jahre Duineser Elegien"},"content":{"rendered":"\n<p>F\u00fcr die kommende Rilke-Tagung <strong>vom 20. bis 23. September 2023<\/strong> in Sierre stehen nun ausf\u00fchrliche Informationen sowie das vorl\u00e4ufige Programm und ein Anmeldeformular bereit. Anmeldefrist ist der <strong>31. Juli 2023<\/strong>. Sie finden alles unter dem Men\u00fcpunkt &#8222;Rilke-Tagung 2023&#8220;. Hier gibt es <a rel=\"noreferrer noopener\" href=\"http:\/\/www.rilke.ch\/?page_id=12\" target=\"_blank\">eine Einf\u00fchrung<\/a>.<\/p>\n\n\n\n<div class=\"wp-block-cover\"><span aria-hidden=\"true\" class=\"wp-block-cover__background has-background-dim\"><\/span><img loading=\"lazy\" decoding=\"async\" width=\"729\" height=\"1024\" class=\"wp-block-cover__image-background wp-image-1720\" alt=\"\" src=\"http:\/\/www.rilke.ch\/wordpress\/wp-content\/uploads\/Rilke-dans-le-vignoble.jpg\" data-object-fit=\"cover\" srcset=\"https:\/\/www.rilke.ch\/wordpress\/wp-content\/uploads\/Rilke-dans-le-vignoble.jpg 729w, https:\/\/www.rilke.ch\/wordpress\/wp-content\/uploads\/Rilke-dans-le-vignoble-214x300.jpg 214w\" sizes=\"auto, (max-width: 729px) 100vw, 729px\" \/><div class=\"wp-block-cover__inner-container is-layout-flow wp-block-cover-is-layout-flow\">\n<p class=\"has-text-align-center has-large-font-size\">Rilke im Wallis (Bild vom Schweizerischen Literaturarchiv, Bern)<\/p>\n<\/div><\/div>\n","protected":false},"excerpt":{"rendered":"<p>F\u00fcr die kommende Rilke-Tagung vom 20. bis 23. September 2023 in Sierre stehen nun ausf\u00fchrliche Informationen sowie das vorl\u00e4ufige Programm und ein Anmeldeformular bereit. Anmeldefrist ist der 31. Juli 2023. Sie finden alles unter dem Men\u00fcpunkt &#8222;Rilke-Tagung 2023&#8220;. Hier gibt es eine Einf\u00fchrung.<\/p>\n","protected":false},"author":1,"featured_media":0,"comment_status":"closed","ping_status":"open","sticky":false,"template":"","format":"standard","meta":{"footnotes":""},"categories":[4],"tags":[],"class_list":["post-1712","post","type-post","status-publish","format-standard","hentry","category-aktuelles"],"_links":{"self":[{"href":"https:\/\/www.rilke.ch\/index.php?rest_route=\/wp\/v2\/posts\/1712","targetHints":{"allow":["GET"]}}],"collection":[{"href":"https:\/\/www.rilke.ch\/index.php?rest_route=\/wp\/v2\/posts"}],"about":[{"href":"https:\/\/www.rilke.ch\/index.php?rest_route=\/wp\/v2\/types\/post"}],"author":[{"embeddable":true,"href":"https:\/\/www.rilke.ch\/index.php?rest_route=\/wp\/v2\/users\/1"}],"replies":[{"embeddable":true,"href":"https:\/\/www.rilke.ch\/index.php?rest_route=%2Fwp%2Fv2%2Fcomments&post=1712"}],"version-history":[{"count":2,"href":"https:\/\/www.rilke.ch\/index.php?rest_route=\/wp\/v2\/posts\/1712\/revisions"}],"predecessor-version":[{"id":1721,"href":"https:\/\/www.rilke.ch\/index.php?rest_route=\/wp\/v2\/posts\/1712\/revisions\/1721"}],"wp:attachment":[{"href":"https:\/\/www.rilke.ch\/index.php?rest_route=%2Fwp%2Fv2%2Fmedia&parent=1712"}],"wp:term":[{"taxonomy":"category","embeddable":true,"href":"https:\/\/www.rilke.ch\/index.php?rest_route=%2Fwp%2Fv2%2Fcategories&post=1712"},{"taxonomy":"post_tag","embeddable":true,"href":"https:\/\/www.rilke.ch\/index.php?rest_route=%2Fwp%2Fv2%2Ftags&post=1712"}],"curies":[{"name":"wp","href":"https:\/\/api.w.org\/{rel}","templated":true}]}}