{"id":1691,"date":"2023-01-14T07:18:16","date_gmt":"2023-01-14T06:18:16","guid":{"rendered":"http:\/\/www.rilke.ch\/?p=1691"},"modified":"2023-01-14T07:18:16","modified_gmt":"2023-01-14T06:18:16","slug":"call-for-papers-rilke-tagung-2023-in-sierre-panel-fuer-forscherinnen-in-der-qualifikationsphase","status":"publish","type":"post","link":"https:\/\/www.rilke.ch\/?p=1691","title":{"rendered":"Call for papers: Rilke-Tagung 2023 in Sierre (Panel f\u00fcr ForscherInnen in der Qualifikationsphase)"},"content":{"rendered":"\n<p>Die kommende Tagung der Rilke-Gesellschaft wird&nbsp;<strong>vom 20. bis 23. September<\/strong>&nbsp;in <strong>Sierre (Schweiz)<\/strong> stattfinden. Tagungsthema sind die Duineser Elegien, deren Ver\u00f6ffentlichung&nbsp; 100 Jahre zur\u00fcckliegt.<\/p>\n\n\n\n<p>Als erste Ank\u00fcndigung zur Tagung laden wir ForscherInnen in der Qualifikationsphase ein&nbsp;zur Einreichung von Expos\u00e9s f\u00fcr das Panel \u201aJunge Rilke-Forschung\u2018 (<a rel=\"noreferrer noopener\" href=\"http:\/\/www.rilke.ch\/?page_id=584\" target=\"_blank\">Call for papers<\/a>). Thematisch sollen sich die Kurzvortr\u00e4ge entweder mit der Rezeption der&nbsp;<em>Duineser Elegien<\/em>&nbsp;befassen oder eigene Forschungsprojekte mit klarem Bezug zu Rilkes Werk vorstellen.&nbsp;<\/p>\n\n\n\n<p>Hier geht es zum ausf\u00fchrlichen Call <a href=\"http:\/\/www.rilke.ch\/?p=1413\" data-type=\"post\" data-id=\"1413\">for papers<\/a><\/p>\n","protected":false},"excerpt":{"rendered":"<p>Die kommende Tagung der Rilke-Gesellschaft wird&nbsp;vom 20. bis 23. September&nbsp;in Sierre (Schweiz) stattfinden. Tagungsthema sind die Duineser Elegien, deren Ver\u00f6ffentlichung&nbsp; 100 Jahre zur\u00fcckliegt. Als erste Ank\u00fcndigung zur Tagung laden wir ForscherInnen in der Qualifikationsphase ein&nbsp;zur Einreichung von Expos\u00e9s f\u00fcr das Panel \u201aJunge Rilke-Forschung\u2018 (Call for papers). Thematisch sollen sich die Kurzvortr\u00e4ge entweder mit der Rezeption &hellip; <a href=\"https:\/\/www.rilke.ch\/?p=1691\" class=\"more-link\"><span class=\"screen-reader-text\">Call for papers: Rilke-Tagung 2023 in Sierre (Panel f\u00fcr ForscherInnen in der Qualifikationsphase)<\/span> weiterlesen <span class=\"meta-nav\">&rarr;<\/span><\/a><\/p>\n","protected":false},"author":1,"featured_media":0,"comment_status":"closed","ping_status":"open","sticky":false,"template":"","format":"standard","meta":{"footnotes":""},"categories":[1],"tags":[],"class_list":["post-1691","post","type-post","status-publish","format-standard","hentry","category-allgemein"],"_links":{"self":[{"href":"https:\/\/www.rilke.ch\/index.php?rest_route=\/wp\/v2\/posts\/1691","targetHints":{"allow":["GET"]}}],"collection":[{"href":"https:\/\/www.rilke.ch\/index.php?rest_route=\/wp\/v2\/posts"}],"about":[{"href":"https:\/\/www.rilke.ch\/index.php?rest_route=\/wp\/v2\/types\/post"}],"author":[{"embeddable":true,"href":"https:\/\/www.rilke.ch\/index.php?rest_route=\/wp\/v2\/users\/1"}],"replies":[{"embeddable":true,"href":"https:\/\/www.rilke.ch\/index.php?rest_route=%2Fwp%2Fv2%2Fcomments&post=1691"}],"version-history":[{"count":1,"href":"https:\/\/www.rilke.ch\/index.php?rest_route=\/wp\/v2\/posts\/1691\/revisions"}],"predecessor-version":[{"id":1692,"href":"https:\/\/www.rilke.ch\/index.php?rest_route=\/wp\/v2\/posts\/1691\/revisions\/1692"}],"wp:attachment":[{"href":"https:\/\/www.rilke.ch\/index.php?rest_route=%2Fwp%2Fv2%2Fmedia&parent=1691"}],"wp:term":[{"taxonomy":"category","embeddable":true,"href":"https:\/\/www.rilke.ch\/index.php?rest_route=%2Fwp%2Fv2%2Fcategories&post=1691"},{"taxonomy":"post_tag","embeddable":true,"href":"https:\/\/www.rilke.ch\/index.php?rest_route=%2Fwp%2Fv2%2Ftags&post=1691"}],"curies":[{"name":"wp","href":"https:\/\/api.w.org\/{rel}","templated":true}]}}