{"id":1538,"date":"2021-12-11T07:08:18","date_gmt":"2021-12-11T06:08:18","guid":{"rendered":"http:\/\/www.rilke.ch\/?p=1538"},"modified":"2021-12-11T07:12:50","modified_gmt":"2021-12-11T06:12:50","slug":"uebersetzung-von-rilkes-requiem-ins-niederlaendische","status":"publish","type":"post","link":"https:\/\/www.rilke.ch\/?p=1538","title":{"rendered":"\u00dcbersetzung von Rilkes Requiems ins Niederl\u00e4ndische"},"content":{"rendered":"\n<p>Am 4. Dezember wurde im Antwerpener Literaturhaus eine neue \u00dcbersetzung der  von Rainer Maria Rilke verfassten Reqiuems vorgestellt. Die \u00dcbersetzung stammt von der fl\u00e4mischen Autorin und \u00dcbersetzerin Hilde Keteleer. <\/p>\n\n\n\n<p>Ein Video von der Lesung und einige Einblicke in das Buch finden sich auf folgender Website: <a href=\"https:\/\/hildeketeleer.eu\/bio\/de\/geen-categorie-de\/ubersetzung-reqiuems\/\" target=\"_blank\" rel=\"noreferrer noopener\">https:\/\/hildeketeleer.eu\/bio\/de\/geen-categorie-de\/ubersetzung-reqiuems\/<\/a><\/p>\n\n\n\n<p>Das Buch ist erschienen im Antwerpener Verlag Uitgeverij\u00a0<em>P<\/em>. (http:\/\/www.uitgeverijp.be\/)<\/p>\n\n\n\n<figure class=\"wp-block-image size-full\"><img loading=\"lazy\" decoding=\"async\" width=\"640\" height=\"480\" src=\"http:\/\/www.rilke.ch\/wordpress\/wp-content\/uploads\/2021-12-05-21.55.42.jpeg\" alt=\"\" class=\"wp-image-1539\" srcset=\"https:\/\/www.rilke.ch\/wordpress\/wp-content\/uploads\/2021-12-05-21.55.42.jpeg 640w, https:\/\/www.rilke.ch\/wordpress\/wp-content\/uploads\/2021-12-05-21.55.42-300x225.jpeg 300w\" sizes=\"auto, (max-width: 640px) 100vw, 640px\" \/><figcaption>Hilde Keteleer: Requiems, \u00dcbersetzung ins Niederl\u00e4ndische. Verlag Uitgeverij\u00a0<em>P<\/em>.<\/figcaption><\/figure>\n\n\n\n<p><\/p>\n","protected":false},"excerpt":{"rendered":"<p>Am 4. Dezember wurde im Antwerpener Literaturhaus eine neue \u00dcbersetzung der von Rainer Maria Rilke verfassten Reqiuems vorgestellt. Die \u00dcbersetzung stammt von der fl\u00e4mischen Autorin und \u00dcbersetzerin Hilde Keteleer. Ein Video von der Lesung und einige Einblicke in das Buch finden sich auf folgender Website: https:\/\/hildeketeleer.eu\/bio\/de\/geen-categorie-de\/ubersetzung-reqiuems\/ Das Buch ist erschienen im Antwerpener Verlag Uitgeverij\u00a0P. (http:\/\/www.uitgeverijp.be\/)<\/p>\n","protected":false},"author":1,"featured_media":0,"comment_status":"closed","ping_status":"open","sticky":false,"template":"","format":"standard","meta":{"footnotes":""},"categories":[4,1],"tags":[],"class_list":["post-1538","post","type-post","status-publish","format-standard","hentry","category-aktuelles","category-allgemein"],"_links":{"self":[{"href":"https:\/\/www.rilke.ch\/index.php?rest_route=\/wp\/v2\/posts\/1538","targetHints":{"allow":["GET"]}}],"collection":[{"href":"https:\/\/www.rilke.ch\/index.php?rest_route=\/wp\/v2\/posts"}],"about":[{"href":"https:\/\/www.rilke.ch\/index.php?rest_route=\/wp\/v2\/types\/post"}],"author":[{"embeddable":true,"href":"https:\/\/www.rilke.ch\/index.php?rest_route=\/wp\/v2\/users\/1"}],"replies":[{"embeddable":true,"href":"https:\/\/www.rilke.ch\/index.php?rest_route=%2Fwp%2Fv2%2Fcomments&post=1538"}],"version-history":[{"count":3,"href":"https:\/\/www.rilke.ch\/index.php?rest_route=\/wp\/v2\/posts\/1538\/revisions"}],"predecessor-version":[{"id":1542,"href":"https:\/\/www.rilke.ch\/index.php?rest_route=\/wp\/v2\/posts\/1538\/revisions\/1542"}],"wp:attachment":[{"href":"https:\/\/www.rilke.ch\/index.php?rest_route=%2Fwp%2Fv2%2Fmedia&parent=1538"}],"wp:term":[{"taxonomy":"category","embeddable":true,"href":"https:\/\/www.rilke.ch\/index.php?rest_route=%2Fwp%2Fv2%2Fcategories&post=1538"},{"taxonomy":"post_tag","embeddable":true,"href":"https:\/\/www.rilke.ch\/index.php?rest_route=%2Fwp%2Fv2%2Ftags&post=1538"}],"curies":[{"name":"wp","href":"https:\/\/api.w.org\/{rel}","templated":true}]}}