{"id":1425,"date":"2021-04-19T06:06:42","date_gmt":"2021-04-19T05:06:42","guid":{"rendered":"http:\/\/www.rilke.ch\/?p=1425"},"modified":"2021-04-19T06:06:45","modified_gmt":"2021-04-19T05:06:45","slug":"zur-rilke-tagung-2021-in-triest-und-duino","status":"publish","type":"post","link":"https:\/\/www.rilke.ch\/?p=1425","title":{"rendered":"Zur Rilke-Tagung 2021 in Triest und Duino"},"content":{"rendered":"\n<p>Wir hoffen weiterhin sehr, dass die Tagung\u00a0<em>In Schwingung. Rilke in Duino<\/em>\u00a0wie geplant \u00a0 <strong>vom 22. bis zum 25.9.2021 in Triest und Duino<\/strong> stattfinden kann. <\/p>\n\n\n\n<p>Ob im September eine Einreise nach Italien und die Durchf\u00fchrung der Tagung wirklich m\u00f6glich sein werden (und sinnvoll sind), l\u00e4sst sich zum jetzigen Zeitpunkt noch nicht absch\u00e4tzen. \u00a0 Im Vorstand wurde beschlossen, dass wir sp\u00e4testens im Juni dar\u00fcber entscheiden und alle Mitglieder dann schnell informieren werden. Sie k\u00f6nnen sich nat\u00fcrlich jetzt schon Hotelzimmer reservieren \u2013 achten Sie aber bitte unbedingt auf eine kostenlose Stornierungsm\u00f6glichkeit. Falls die Tagung nicht vor Ort stattfindet, wird sie \u2013 in ver\u00e4nderter Form \u2013 zum gleichen Termin online durchgef\u00fchrt. <\/p>\n\n\n\n<p>Es lohnt sich also in jedem Fall, die Tage im Kalender anzustreichen und freizuhalten!<\/p>\n","protected":false},"excerpt":{"rendered":"<p>Wir hoffen weiterhin sehr, dass die Tagung\u00a0In Schwingung. Rilke in Duino\u00a0wie geplant \u00a0 vom 22. bis zum 25.9.2021 in Triest und Duino stattfinden kann. Ob im September eine Einreise nach Italien und die Durchf\u00fchrung der Tagung wirklich m\u00f6glich sein werden (und sinnvoll sind), l\u00e4sst sich zum jetzigen Zeitpunkt noch nicht absch\u00e4tzen. \u00a0 Im Vorstand wurde &hellip; <a href=\"https:\/\/www.rilke.ch\/?p=1425\" class=\"more-link\"><span class=\"screen-reader-text\">Zur Rilke-Tagung 2021 in Triest und Duino<\/span> weiterlesen <span class=\"meta-nav\">&rarr;<\/span><\/a><\/p>\n","protected":false},"author":1,"featured_media":0,"comment_status":"closed","ping_status":"open","sticky":false,"template":"","format":"standard","meta":{"footnotes":""},"categories":[4],"tags":[],"class_list":["post-1425","post","type-post","status-publish","format-standard","hentry","category-aktuelles"],"_links":{"self":[{"href":"https:\/\/www.rilke.ch\/index.php?rest_route=\/wp\/v2\/posts\/1425","targetHints":{"allow":["GET"]}}],"collection":[{"href":"https:\/\/www.rilke.ch\/index.php?rest_route=\/wp\/v2\/posts"}],"about":[{"href":"https:\/\/www.rilke.ch\/index.php?rest_route=\/wp\/v2\/types\/post"}],"author":[{"embeddable":true,"href":"https:\/\/www.rilke.ch\/index.php?rest_route=\/wp\/v2\/users\/1"}],"replies":[{"embeddable":true,"href":"https:\/\/www.rilke.ch\/index.php?rest_route=%2Fwp%2Fv2%2Fcomments&post=1425"}],"version-history":[{"count":1,"href":"https:\/\/www.rilke.ch\/index.php?rest_route=\/wp\/v2\/posts\/1425\/revisions"}],"predecessor-version":[{"id":1429,"href":"https:\/\/www.rilke.ch\/index.php?rest_route=\/wp\/v2\/posts\/1425\/revisions\/1429"}],"wp:attachment":[{"href":"https:\/\/www.rilke.ch\/index.php?rest_route=%2Fwp%2Fv2%2Fmedia&parent=1425"}],"wp:term":[{"taxonomy":"category","embeddable":true,"href":"https:\/\/www.rilke.ch\/index.php?rest_route=%2Fwp%2Fv2%2Fcategories&post=1425"},{"taxonomy":"post_tag","embeddable":true,"href":"https:\/\/www.rilke.ch\/index.php?rest_route=%2Fwp%2Fv2%2Ftags&post=1425"}],"curies":[{"name":"wp","href":"https:\/\/api.w.org\/{rel}","templated":true}]}}