{"id":1394,"date":"2020-12-12T20:53:16","date_gmt":"2020-12-12T19:53:16","guid":{"rendered":"http:\/\/www.rilke.ch\/?p=1394"},"modified":"2020-12-12T20:53:19","modified_gmt":"2020-12-12T19:53:19","slug":"wieder-da-das-rilke-forum","status":"publish","type":"post","link":"https:\/\/www.rilke.ch\/?p=1394","title":{"rendered":"Wieder da: das Rilke-Forum!"},"content":{"rendered":"\n<div class=\"wp-block-jetpack-slideshow aligncenter\" data-effect=\"slide\"><div class=\"wp-block-jetpack-slideshow_container swiper-container\"><ul class=\"wp-block-jetpack-slideshow_swiper-wrapper swiper-wrapper\"><li class=\"wp-block-jetpack-slideshow_slide swiper-slide\"><figure><img loading=\"lazy\" decoding=\"async\" width=\"696\" height=\"501\" alt=\"\" class=\"wp-block-jetpack-slideshow_image wp-image-1395\" data-id=\"1395\" src=\"http:\/\/www.rilke.ch\/wordpress\/wp-content\/uploads\/rilke-Forum.png\" srcset=\"https:\/\/www.rilke.ch\/wordpress\/wp-content\/uploads\/rilke-Forum.png 696w, https:\/\/www.rilke.ch\/wordpress\/wp-content\/uploads\/rilke-Forum-300x216.png 300w\" sizes=\"auto, (max-width: 696px) 100vw, 696px\" \/><\/figure><\/li><li class=\"wp-block-jetpack-slideshow_slide swiper-slide\"><figure><img loading=\"lazy\" decoding=\"async\" width=\"696\" height=\"501\" alt=\"\" class=\"wp-block-jetpack-slideshow_image wp-image-1396\" data-id=\"1396\" src=\"http:\/\/www.rilke.ch\/wordpress\/wp-content\/uploads\/rilke-Forum-2.png\" srcset=\"https:\/\/www.rilke.ch\/wordpress\/wp-content\/uploads\/rilke-Forum-2.png 696w, https:\/\/www.rilke.ch\/wordpress\/wp-content\/uploads\/rilke-Forum-2-300x216.png 300w\" sizes=\"auto, (max-width: 696px) 100vw, 696px\" \/><\/figure><\/li><\/ul><a class=\"wp-block-jetpack-slideshow_button-prev swiper-button-prev swiper-button-white\" role=\"button\"><\/a><a class=\"wp-block-jetpack-slideshow_button-next swiper-button-next swiper-button-white\" role=\"button\"><\/a><a aria-label=\"Pause Slideshow\" class=\"wp-block-jetpack-slideshow_button-pause\" role=\"button\"><\/a><div class=\"wp-block-jetpack-slideshow_pagination swiper-pagination swiper-pagination-white\"><\/div><\/div><\/div>\n\n\n\n<p>Seit 2002 dient das Rilke-Forum Kennern, Freunden, und Neugierigen zum Austausch \u00fcber den Dichter und sein Werk. Von der Intrepretation von Gedichten \u00fcber biographische Fragen zu Rilkes Freunden und Reisen bis hin zu Veranstaltungshinweisen finden sich dort \u00fcber 12.000 Beitr\u00e4ge. Das Forum ist \u00e4lter als Facebook (gegr\u00fcndet 2004). Zwar hat das soziale Netzwerk uns in Mitgliedszahlen und Seitenimpressionen bald \u00fcberholt. Aber solche Werte z\u00e4hlten nie besonders im Rilke-Forum. Hier werden werden keine Fotos geshared, keine Menschen getagged, es muss sich auch niemand f\u00fcr jemand anderen ausgeben, denn alle Konten sind pseudonym, und es werden keine Daten gesammelt und keine Werbung geschaltet. Im Mittelpunkt steht: Rilke. Moderiert wird das Forum schon seit Jahren kompetent, f\u00fcrsorglich und zuverl\u00e4ssig von der Nutzerin &#8222;stilz&#8220;. <\/p>\n\n\n\n<p>Leider war das Forum in der Vergangenheit immer wieder wegen technischer Pannen unerreichbar. Nun liegt es aber auf einem neuen Server, und wir haben einen technischen Helfer gefunden, der bei zuk\u00fcnftigen Problemen aushelfen wird. Das war besonders dieses Jahr schade, da aufgrund der Corona-Pandemie so viele M\u00f6glichkeiten zum Austausch ausgefallen sind. Ein Forum aber funktioniert zu Zeiten des &#8222;Lockdown&#8220; genauso gut wie sonst.<\/p>\n\n\n\n<p>Sie finden das Forum im Men\u00fc unserer Seite und unter dieser Adresse: <\/p>\n\n\n\n<p><a href=\"http:\/\/www.rilke.ch\/forum\/\" target=\"_blank\" rel=\"noreferrer noopener\">http:\/\/www.rilke.ch\/forum\/<\/a><\/p>\n\n\n\n<p>Viel Spa\u00df damit!<\/p>\n\n\n\n<p><\/p>\n\n\n\n<p> <\/p>\n","protected":false},"excerpt":{"rendered":"<p>Seit 2002 dient das Rilke-Forum Kennern, Freunden, und Neugierigen zum Austausch \u00fcber den Dichter und sein Werk. Von der Intrepretation von Gedichten \u00fcber biographische Fragen zu Rilkes Freunden und Reisen bis hin zu Veranstaltungshinweisen finden sich dort \u00fcber 12.000 Beitr\u00e4ge. Das Forum ist \u00e4lter als Facebook (gegr\u00fcndet 2004). Zwar hat das soziale Netzwerk uns in &hellip; <a href=\"https:\/\/www.rilke.ch\/?p=1394\" class=\"more-link\"><span class=\"screen-reader-text\">Wieder da: das Rilke-Forum!<\/span> weiterlesen <span class=\"meta-nav\">&rarr;<\/span><\/a><\/p>\n","protected":false},"author":1,"featured_media":0,"comment_status":"closed","ping_status":"open","sticky":false,"template":"","format":"standard","meta":{"footnotes":""},"categories":[4,1],"tags":[],"class_list":["post-1394","post","type-post","status-publish","format-standard","hentry","category-aktuelles","category-allgemein"],"_links":{"self":[{"href":"https:\/\/www.rilke.ch\/index.php?rest_route=\/wp\/v2\/posts\/1394","targetHints":{"allow":["GET"]}}],"collection":[{"href":"https:\/\/www.rilke.ch\/index.php?rest_route=\/wp\/v2\/posts"}],"about":[{"href":"https:\/\/www.rilke.ch\/index.php?rest_route=\/wp\/v2\/types\/post"}],"author":[{"embeddable":true,"href":"https:\/\/www.rilke.ch\/index.php?rest_route=\/wp\/v2\/users\/1"}],"replies":[{"embeddable":true,"href":"https:\/\/www.rilke.ch\/index.php?rest_route=%2Fwp%2Fv2%2Fcomments&post=1394"}],"version-history":[{"count":2,"href":"https:\/\/www.rilke.ch\/index.php?rest_route=\/wp\/v2\/posts\/1394\/revisions"}],"predecessor-version":[{"id":1398,"href":"https:\/\/www.rilke.ch\/index.php?rest_route=\/wp\/v2\/posts\/1394\/revisions\/1398"}],"wp:attachment":[{"href":"https:\/\/www.rilke.ch\/index.php?rest_route=%2Fwp%2Fv2%2Fmedia&parent=1394"}],"wp:term":[{"taxonomy":"category","embeddable":true,"href":"https:\/\/www.rilke.ch\/index.php?rest_route=%2Fwp%2Fv2%2Fcategories&post=1394"},{"taxonomy":"post_tag","embeddable":true,"href":"https:\/\/www.rilke.ch\/index.php?rest_route=%2Fwp%2Fv2%2Ftags&post=1394"}],"curies":[{"name":"wp","href":"https:\/\/api.w.org\/{rel}","templated":true}]}}