{"id":1327,"date":"2020-02-04T13:55:17","date_gmt":"2020-02-04T12:55:17","guid":{"rendered":"http:\/\/www.rilke.ch\/?p=1327"},"modified":"2020-10-17T06:40:44","modified_gmt":"2020-10-17T05:40:44","slug":"call-for-papers-nachwuchs-workshop-in-triest","status":"publish","type":"post","link":"https:\/\/www.rilke.ch\/?p=1327","title":{"rendered":"call for papers: Nachwuchs-Workshop in Triest"},"content":{"rendered":"\n<p>Call for papers : ein Workshop zum Auftakt der diesj\u00e4hrigen Rilke-Tagung in Duino und Triest gibt an einer Promotion Interessierten,&nbsp;Promovierenden und&nbsp;Post-Docs die M\u00f6glichkeit, ihre geplanten, entstehenden&nbsp;oder gerade abgeschlossenen Rilke-Projekte gemeinsam mit Expert*innen&nbsp;zu diskutieren (eingeladen sind auch Projekte, die sich neben Rilke&nbsp;mit anderen Autor*innen besch\u00e4ftigen).&nbsp;Der Workshop am 23. September 2020 &nbsp;hat zum Ziel, den wissenschaftlichen Austausch \u00fcber aktuelle&nbsp;Projekte zu f\u00f6rdern. Vorgesehen sind&nbsp;20min\u00fctige Pr\u00e4sentationen, die vorab auch als paper eingereicht werden sollen, sowie&nbsp;eine Diskussion.&nbsp;F\u00fcr die Reise- und \u00dcbernachtungsaufwendungen wird ein Zuschuss&nbsp;gew\u00e4hrt.<\/p>\n\n\n\n<p>Bitte bewerben Sie sich<strong>&nbsp;bis zum 15. M\u00e4rz 2020<\/strong>&nbsp;mit einem max. einseitigen&nbsp;<strong>Expos\u00e9<\/strong>&nbsp;(in deutscher oder englischer Sprache)&nbsp;und einem knappen&nbsp;<strong>CV&nbsp;<\/strong>unter&nbsp;<a href=\"mailto:cfp@rilke.ch\">cfp@rilke.ch<\/a>.&nbsp;Sie erhalten bis zum 1. April eine R\u00fcckmeldung.<\/p>\n","protected":false},"excerpt":{"rendered":"<p>Call for papers : ein Workshop zum Auftakt der diesj\u00e4hrigen Rilke-Tagung in Duino und Triest gibt an einer Promotion Interessierten,&nbsp;Promovierenden und&nbsp;Post-Docs die M\u00f6glichkeit, ihre geplanten, entstehenden&nbsp;oder gerade abgeschlossenen Rilke-Projekte gemeinsam mit Expert*innen&nbsp;zu diskutieren (eingeladen sind auch Projekte, die sich neben Rilke&nbsp;mit anderen Autor*innen besch\u00e4ftigen).&nbsp;Der Workshop am 23. September 2020 &nbsp;hat zum Ziel, den wissenschaftlichen Austausch &hellip; <a href=\"https:\/\/www.rilke.ch\/?p=1327\" class=\"more-link\"><span class=\"screen-reader-text\">call for papers: Nachwuchs-Workshop in Triest<\/span> weiterlesen <span class=\"meta-nav\">&rarr;<\/span><\/a><\/p>\n","protected":false},"author":1,"featured_media":0,"comment_status":"closed","ping_status":"open","sticky":false,"template":"","format":"standard","meta":{"footnotes":""},"categories":[4,1],"tags":[],"class_list":["post-1327","post","type-post","status-publish","format-standard","hentry","category-aktuelles","category-allgemein"],"_links":{"self":[{"href":"https:\/\/www.rilke.ch\/index.php?rest_route=\/wp\/v2\/posts\/1327","targetHints":{"allow":["GET"]}}],"collection":[{"href":"https:\/\/www.rilke.ch\/index.php?rest_route=\/wp\/v2\/posts"}],"about":[{"href":"https:\/\/www.rilke.ch\/index.php?rest_route=\/wp\/v2\/types\/post"}],"author":[{"embeddable":true,"href":"https:\/\/www.rilke.ch\/index.php?rest_route=\/wp\/v2\/users\/1"}],"replies":[{"embeddable":true,"href":"https:\/\/www.rilke.ch\/index.php?rest_route=%2Fwp%2Fv2%2Fcomments&post=1327"}],"version-history":[{"count":3,"href":"https:\/\/www.rilke.ch\/index.php?rest_route=\/wp\/v2\/posts\/1327\/revisions"}],"predecessor-version":[{"id":1372,"href":"https:\/\/www.rilke.ch\/index.php?rest_route=\/wp\/v2\/posts\/1327\/revisions\/1372"}],"wp:attachment":[{"href":"https:\/\/www.rilke.ch\/index.php?rest_route=%2Fwp%2Fv2%2Fmedia&parent=1327"}],"wp:term":[{"taxonomy":"category","embeddable":true,"href":"https:\/\/www.rilke.ch\/index.php?rest_route=%2Fwp%2Fv2%2Fcategories&post=1327"},{"taxonomy":"post_tag","embeddable":true,"href":"https:\/\/www.rilke.ch\/index.php?rest_route=%2Fwp%2Fv2%2Ftags&post=1327"}],"curies":[{"name":"wp","href":"https:\/\/api.w.org\/{rel}","templated":true}]}}