{"id":1199,"date":"2019-04-08T20:58:56","date_gmt":"2019-04-08T19:58:56","guid":{"rendered":"http:\/\/www.rilke.ch\/?p=1199"},"modified":"2019-04-08T21:17:39","modified_gmt":"2019-04-08T20:17:39","slug":"rilke-treffen-2019","status":"publish","type":"post","link":"https:\/\/www.rilke.ch\/?p=1199","title":{"rendered":"Rilke-Treffen 2019"},"content":{"rendered":"\n<p>Das Rilke-Treffen 2019 findet statt<br>in Friedberg bei Augsburg (Bayern)<br>am 20.-22. September 2019.<br>Thema: Rilkes Prager Erz\u00e4hlungen.<\/p>\n\n\n\n<p>N\u00e4here Informationen geben wir in den n\u00e4chsten Wochen an dieser Stelle bekannt.<\/p>\n\n\n\n<p>Informationen zum Ort und seinen \u00dcbernachtungsm\u00f6glichkeiten erhalten Sie bei der Touristinformation Friedberg<br>Tel. 0821 \/ 6002-450<br><a href=\"mailto:touristinfo@friedberg.de\" target=\"_blank\" rel=\"noreferrer noopener\">touristinfo@friedberg.de<\/a><br>Hompage:&nbsp;<a href=\"http:\/\/www.friedberg.de\/\" target=\"_blank\" rel=\"noreferrer noopener\">www.friedberg.de<\/a><\/p>\n","protected":false},"excerpt":{"rendered":"<p>Das Rilke-Treffen 2019 findet stattin Friedberg bei Augsburg (Bayern)am 20.-22. September 2019.Thema: Rilkes Prager Erz\u00e4hlungen. N\u00e4here Informationen geben wir in den n\u00e4chsten Wochen an dieser Stelle bekannt. Informationen zum Ort und seinen \u00dcbernachtungsm\u00f6glichkeiten erhalten Sie bei der Touristinformation FriedbergTel. 0821 \/ 6002-450touristinfo@friedberg.deHompage:&nbsp;www.friedberg.de<\/p>\n","protected":false},"author":1,"featured_media":0,"comment_status":"closed","ping_status":"open","sticky":false,"template":"","format":"standard","meta":{"footnotes":""},"categories":[4,1],"tags":[],"class_list":["post-1199","post","type-post","status-publish","format-standard","hentry","category-aktuelles","category-allgemein"],"_links":{"self":[{"href":"https:\/\/www.rilke.ch\/index.php?rest_route=\/wp\/v2\/posts\/1199","targetHints":{"allow":["GET"]}}],"collection":[{"href":"https:\/\/www.rilke.ch\/index.php?rest_route=\/wp\/v2\/posts"}],"about":[{"href":"https:\/\/www.rilke.ch\/index.php?rest_route=\/wp\/v2\/types\/post"}],"author":[{"embeddable":true,"href":"https:\/\/www.rilke.ch\/index.php?rest_route=\/wp\/v2\/users\/1"}],"replies":[{"embeddable":true,"href":"https:\/\/www.rilke.ch\/index.php?rest_route=%2Fwp%2Fv2%2Fcomments&post=1199"}],"version-history":[{"count":1,"href":"https:\/\/www.rilke.ch\/index.php?rest_route=\/wp\/v2\/posts\/1199\/revisions"}],"predecessor-version":[{"id":1200,"href":"https:\/\/www.rilke.ch\/index.php?rest_route=\/wp\/v2\/posts\/1199\/revisions\/1200"}],"wp:attachment":[{"href":"https:\/\/www.rilke.ch\/index.php?rest_route=%2Fwp%2Fv2%2Fmedia&parent=1199"}],"wp:term":[{"taxonomy":"category","embeddable":true,"href":"https:\/\/www.rilke.ch\/index.php?rest_route=%2Fwp%2Fv2%2Fcategories&post=1199"},{"taxonomy":"post_tag","embeddable":true,"href":"https:\/\/www.rilke.ch\/index.php?rest_route=%2Fwp%2Fv2%2Ftags&post=1199"}],"curies":[{"name":"wp","href":"https:\/\/api.w.org\/{rel}","templated":true}]}}