{"id":1161,"date":"2019-02-12T23:54:07","date_gmt":"2019-02-12T22:54:07","guid":{"rendered":"http:\/\/www.rilke.ch\/?p=1161"},"modified":"2019-02-12T23:59:36","modified_gmt":"2019-02-12T22:59:36","slug":"radierung-des-turms-von-muzot","status":"publish","type":"post","link":"https:\/\/www.rilke.ch\/?p=1161","title":{"rendered":"Radierung des Turms von Muzot"},"content":{"rendered":"\n<p>Die Fondation Rilke bietet eine Radierung des Turms von Muzot zum Kauf an: Der mit Rilkes M\u00e4zen Werner Reinhart befreundete K\u00fcnstler Ernst Georg R\u00fcegg (1883 \u2013 1948) hat den Turm von Muzot im Wallis, wo Rilke seine letzten Jahre verbracht hat, mehrmals abgebildet. Inspiriert von einer Postkarte von Werner Reinhart, hat er 1918 ein \u00d6lbild von Muzot gemalt und es Werner Reinhart geschenkt, der es also bereits kannte, als er die Anfrage f\u00fcr Rilkes dortigen Aufenthalt bekommen hat. Das Bild ist heute im Besitz des Musikkollegiums Winterthur.<\/p>\n\n\n\n<p>Im Werkkatalog \u201eErnst Georg R\u00fcegg, Leben und Schaffen\u201c ist ebenfalls eine Zeichnung aus dem Jahre mit dem Titel \u201eDas Schl\u00f6sschen von Muzot\u201c aufgef\u00fchrt, vielleicht eine Vorlage f\u00fcr die Radierung von 1921. Die Druckplatte f\u00fcr letztere ist im Werkkatalog nicht aufgef\u00fchrt, sie war im Besitz der Familie Reinhart und wurde 2018 der Fondation Rilke als Schenkung \u00fcbergeben.<\/p>\n\n\n\n<p>In Rilkes Korrespondenz finden wir nicht nur Spuren eines Besuchs des Malers und seiner Gattin vom 7. und 8. August 1921 mit Werner Reinhart auf Muzot, wo Rilke eben eingezogen ist. Werner Reinhart k\u00fcndigt dem Dichter am 30.12.1921 an, ihm im Namen R\u00fceggs als Neujahrsgru\u00df die Radierung zu schicken. Am 2.1.1922 dankt ihm Rilke f\u00fcr die Sendung mit den Worten: &#8222;Eben trifft die Sendung von Herrn R\u00fcegg ein: die Radierung, Muzot! Eine grosse, sehr liebe \u00dcberraschung f\u00fcr mich! Ich schreibe ihm!&#8220;<\/p>\n\n\n\n<p>Die Fondation Rilke hat 2019 von dieser Radierung einen auf 100 Exemplare limitierten Neudruck anfertigen lassen, der zum Verkauf angeboten wird. Im Museum der Fondation Rilke zeigen wir gegenw\u00e4rtig eine tempor\u00e4re Vitrine \u00fcber den K\u00fcnstler Ernst Georg R\u00fcegg.<\/p>\n\n\n\n<figure class=\"wp-block-image is-resized\"><img loading=\"lazy\" decoding=\"async\" src=\"http:\/\/www.rilke.ch\/wordpress\/wp-content\/uploads\/image.png\" alt=\"\" class=\"wp-image-1162\" width=\"580\" height=\"396\" srcset=\"https:\/\/www.rilke.ch\/wordpress\/wp-content\/uploads\/image.png 746w, https:\/\/www.rilke.ch\/wordpress\/wp-content\/uploads\/image-300x205.png 300w\" sizes=\"auto, (max-width: 580px) 100vw, 580px\" \/><figcaption>Radierung &#8222;Muzot in Sierre&#8220; von Ernst Georg R\u00fceg, 1921<\/figcaption><\/figure>\n\n\n\n<div class=\"wp-block-file\">Die Fondation Rilke bietet eine limitierte Auflage der Radierung zum Kauf an, f\u00fcr Mitglieder der Rilke-Gesellschaft zu einem erm\u00e4\u00dfigten Preis. Details zum Angebot k\u00f6nnen Sie als pdf-Datei hier <a href=\"http:\/\/www.rilke.ch\/wordpress\/wp-content\/uploads\/Commande-gravure-Muzot-pdf.pdf\" class=\"wp-block-file__button\" download>herunterladen<\/a><\/div>\n","protected":false},"excerpt":{"rendered":"<p>Die Fondation Rilke bietet eine Radierung des Turms von Muzot zum Kauf an: Der mit Rilkes M\u00e4zen Werner Reinhart befreundete K\u00fcnstler Ernst Georg R\u00fcegg (1883 \u2013 1948) hat den Turm von Muzot im Wallis, wo Rilke seine letzten Jahre verbracht hat, mehrmals abgebildet. Inspiriert von einer Postkarte von Werner Reinhart, hat er 1918 ein \u00d6lbild &hellip; <a href=\"https:\/\/www.rilke.ch\/?p=1161\" class=\"more-link\"><span class=\"screen-reader-text\">Radierung des Turms von Muzot<\/span> weiterlesen <span class=\"meta-nav\">&rarr;<\/span><\/a><\/p>\n","protected":false},"author":1,"featured_media":0,"comment_status":"closed","ping_status":"open","sticky":false,"template":"","format":"standard","meta":{"footnotes":""},"categories":[4],"tags":[],"class_list":["post-1161","post","type-post","status-publish","format-standard","hentry","category-aktuelles"],"_links":{"self":[{"href":"https:\/\/www.rilke.ch\/index.php?rest_route=\/wp\/v2\/posts\/1161","targetHints":{"allow":["GET"]}}],"collection":[{"href":"https:\/\/www.rilke.ch\/index.php?rest_route=\/wp\/v2\/posts"}],"about":[{"href":"https:\/\/www.rilke.ch\/index.php?rest_route=\/wp\/v2\/types\/post"}],"author":[{"embeddable":true,"href":"https:\/\/www.rilke.ch\/index.php?rest_route=\/wp\/v2\/users\/1"}],"replies":[{"embeddable":true,"href":"https:\/\/www.rilke.ch\/index.php?rest_route=%2Fwp%2Fv2%2Fcomments&post=1161"}],"version-history":[{"count":4,"href":"https:\/\/www.rilke.ch\/index.php?rest_route=\/wp\/v2\/posts\/1161\/revisions"}],"predecessor-version":[{"id":1169,"href":"https:\/\/www.rilke.ch\/index.php?rest_route=\/wp\/v2\/posts\/1161\/revisions\/1169"}],"wp:attachment":[{"href":"https:\/\/www.rilke.ch\/index.php?rest_route=%2Fwp%2Fv2%2Fmedia&parent=1161"}],"wp:term":[{"taxonomy":"category","embeddable":true,"href":"https:\/\/www.rilke.ch\/index.php?rest_route=%2Fwp%2Fv2%2Fcategories&post=1161"},{"taxonomy":"post_tag","embeddable":true,"href":"https:\/\/www.rilke.ch\/index.php?rest_route=%2Fwp%2Fv2%2Ftags&post=1161"}],"curies":[{"name":"wp","href":"https:\/\/api.w.org\/{rel}","templated":true}]}}