{"id":1085,"date":"2018-05-11T11:09:31","date_gmt":"2018-05-11T10:09:31","guid":{"rendered":"http:\/\/www.rilke.ch\/?p=1085"},"modified":"2018-05-11T12:09:27","modified_gmt":"2018-05-11T11:09:27","slug":"masterclass-bei-der-fondation-rilke-bewerbungen-bis-25-05","status":"publish","type":"post","link":"https:\/\/www.rilke.ch\/?p=1085","title":{"rendered":"Masterclass bei der Fondation Rilke &#8211; Bewerbungen bis 25.05."},"content":{"rendered":"<p>Eine Masterclass unter Leitung von Prof. Dr. Christoph K\u00f6nig richtet die Fondation Rilke vom 13.-16.8.2018 in der \u203aMaison de Courten\u2039 in Sierre aus.\u00a0Das Thema \u203aWie Rilke lesen?\u2039 wird erweitert und lautet nun\u00a0\u203aCelan liest Rilke\u2039, um die wechselseitige Abh\u00e4ngigkeit der beiden\u00a0Autoren zu analysieren, von der Jean Bollack spricht: \u00bbOhne Rilke\u00a0kein Celan, ohne Celan aber auch kein Rilke.\u00ab<\/p>\n<p>Die Masterclass Rilke richtet sich an Nachwuchswissenschaftler der\u00a0Germanistik, der Romanistik, der Komparatistik und der Philosophie\u00a0weltweit und versteht sich als reflektierte Ein\u00fcbung einer insistierenden Lekt\u00fcre, die den Prozess der Kreation in den Gedichten, die Arbeit am Sinn nachvollzieht. Die Fragen lauten nun: Wie nimmt Celan in seinen Gedichten zu Rilkes Werken Stellung? Welchen neuen Blick auf Rilkes Gedichte gibt Celan? Und h\u00e4lt er unserer philologisch-kritischen Lekt\u00fcre stand?<\/p>\n<p>Der Teilnehmerbeitrag betr\u00e4gt CHF 80. Die Fondation Rilke stellt\u00a0die kostenlose Unterkunft, in G\u00e4stezimmern bei Privaten, zur Verf\u00fcgung. Reise und Verpflegung gehen auf Kosten der Teilnehmer. Auf Antrag kann ein Zuschuss zu den Reisekosten gew\u00e4hrt werden.<br \/>\nDie Teilnehmer und Teilnehmerinnen erhalten von der Fondation Rilke rechtzeitig einen Reader zur Masterclass Rilke zur Verf\u00fcgung gestellt.<\/p>\n<p>Bewerbungen (mit Begr\u00fcndungsschreiben, CV und gegebenenfalls<br \/>\nmit einer ausgew\u00e4hlten Publikation) sind <strong>bis zum 25.5.2018<\/strong> zu richten<br \/>\nan: Fondation Rilke, Rue du Bourg 30, CH &#8211; 3960 Sierre.<\/p>\n<p>S\u00e4mtliche Informationen finden Sie hier in dem Informationsblatt\u00a0<a href=\"http:\/\/www.rilke.ch\/wordpress\/wp-content\/uploads\/Flyer-Masterclass-Rilke-2018-pdf.pdf\">Flyer-Masterclass-Rilke-2018-pdf<\/a><\/p>\n<p>&nbsp;<\/p>\n","protected":false},"excerpt":{"rendered":"<p>Eine Masterclass unter Leitung von Prof. Dr. Christoph K\u00f6nig richtet die Fondation Rilke vom 13.-16.8.2018 in der \u203aMaison de Courten\u2039 in Sierre aus.\u00a0Das Thema \u203aWie Rilke lesen?\u2039 wird erweitert und lautet nun\u00a0\u203aCelan liest Rilke\u2039, um die wechselseitige Abh\u00e4ngigkeit der beiden\u00a0Autoren zu analysieren, von der Jean Bollack spricht: \u00bbOhne Rilke\u00a0kein Celan, ohne Celan aber auch kein &hellip; <a href=\"https:\/\/www.rilke.ch\/?p=1085\" class=\"more-link\"><span class=\"screen-reader-text\">Masterclass bei der Fondation Rilke &#8211; Bewerbungen bis 25.05.<\/span> weiterlesen <span class=\"meta-nav\">&rarr;<\/span><\/a><\/p>\n","protected":false},"author":1,"featured_media":0,"comment_status":"closed","ping_status":"open","sticky":false,"template":"","format":"standard","meta":{"footnotes":""},"categories":[4,1],"tags":[],"class_list":["post-1085","post","type-post","status-publish","format-standard","hentry","category-aktuelles","category-allgemein"],"_links":{"self":[{"href":"https:\/\/www.rilke.ch\/index.php?rest_route=\/wp\/v2\/posts\/1085","targetHints":{"allow":["GET"]}}],"collection":[{"href":"https:\/\/www.rilke.ch\/index.php?rest_route=\/wp\/v2\/posts"}],"about":[{"href":"https:\/\/www.rilke.ch\/index.php?rest_route=\/wp\/v2\/types\/post"}],"author":[{"embeddable":true,"href":"https:\/\/www.rilke.ch\/index.php?rest_route=\/wp\/v2\/users\/1"}],"replies":[{"embeddable":true,"href":"https:\/\/www.rilke.ch\/index.php?rest_route=%2Fwp%2Fv2%2Fcomments&post=1085"}],"version-history":[{"count":3,"href":"https:\/\/www.rilke.ch\/index.php?rest_route=\/wp\/v2\/posts\/1085\/revisions"}],"predecessor-version":[{"id":1088,"href":"https:\/\/www.rilke.ch\/index.php?rest_route=\/wp\/v2\/posts\/1085\/revisions\/1088"}],"wp:attachment":[{"href":"https:\/\/www.rilke.ch\/index.php?rest_route=%2Fwp%2Fv2%2Fmedia&parent=1085"}],"wp:term":[{"taxonomy":"category","embeddable":true,"href":"https:\/\/www.rilke.ch\/index.php?rest_route=%2Fwp%2Fv2%2Fcategories&post=1085"},{"taxonomy":"post_tag","embeddable":true,"href":"https:\/\/www.rilke.ch\/index.php?rest_route=%2Fwp%2Fv2%2Ftags&post=1085"}],"curies":[{"name":"wp","href":"https:\/\/api.w.org\/{rel}","templated":true}]}}