{"id":1314,"date":"2020-02-01T23:21:50","date_gmt":"2020-02-01T22:21:50","guid":{"rendered":"http:\/\/www.rilke.ch\/?p=1314"},"modified":"2020-02-01T23:28:14","modified_gmt":"2020-02-01T22:28:14","slug":"rilke-gesellschaft-trauert-um-zwei-mitglieder","status":"publish","type":"post","link":"http:\/\/www.rilke.ch\/?p=1314","title":{"rendered":"Rilke-Gesellschaft trauert um zwei Mitglieder"},"content":{"rendered":"\n<p>Am 24. 12. 2019 verstarb Frau Dr. Karin WAIS (geb. am 13. 5. 1933), geb. Bergeder, in T\u00fcbingen. Frau Dr. Wais war Rilke-Forscherin und langj\u00e4hriges Mitglied der RG. <\/p>\n\n\n\n<p>In der letzten Januarwoche 2020 starb Prof. Dr. Horst NALEWSKI (geb. 1931) in Velpke. Prof. Dr. Nalewski war von 1992 bis 2004 Mitglied im Vorstand der Rilke-Gesellschaft. Seit 2013 war er auch Ehrenmitglied.  <\/p>\n\n\n\n<p> Eine W\u00fcrdigung folgt in der n\u00e4chsten Ausgabe der &#8218;Bl\u00e4tter der Rilke-Gesellschaft&#8216;.   <\/p>\n","protected":false},"excerpt":{"rendered":"<p>Am 24. 12. 2019 verstarb Frau Dr. Karin WAIS (geb. am 13. 5. 1933), geb. Bergeder, in T\u00fcbingen. Frau Dr. Wais war Rilke-Forscherin und langj\u00e4hriges Mitglied der RG. In der letzten Januarwoche 2020 starb Prof. Dr. Horst NALEWSKI (geb. 1931) in Velpke. Prof. Dr. Nalewski war von 1992 bis 2004 Mitglied im Vorstand der Rilke-Gesellschaft. &hellip; <a href=\"http:\/\/www.rilke.ch\/?p=1314\" class=\"more-link\"><span class=\"screen-reader-text\">Rilke-Gesellschaft trauert um zwei Mitglieder<\/span> weiterlesen <span class=\"meta-nav\">&rarr;<\/span><\/a><\/p>\n","protected":false},"author":1,"featured_media":0,"comment_status":"closed","ping_status":"open","sticky":false,"template":"","format":"standard","meta":{"footnotes":""},"categories":[4,1],"tags":[],"class_list":["post-1314","post","type-post","status-publish","format-standard","hentry","category-aktuelles","category-allgemein"],"_links":{"self":[{"href":"http:\/\/www.rilke.ch\/index.php?rest_route=\/wp\/v2\/posts\/1314","targetHints":{"allow":["GET"]}}],"collection":[{"href":"http:\/\/www.rilke.ch\/index.php?rest_route=\/wp\/v2\/posts"}],"about":[{"href":"http:\/\/www.rilke.ch\/index.php?rest_route=\/wp\/v2\/types\/post"}],"author":[{"embeddable":true,"href":"http:\/\/www.rilke.ch\/index.php?rest_route=\/wp\/v2\/users\/1"}],"replies":[{"embeddable":true,"href":"http:\/\/www.rilke.ch\/index.php?rest_route=%2Fwp%2Fv2%2Fcomments&post=1314"}],"version-history":[{"count":2,"href":"http:\/\/www.rilke.ch\/index.php?rest_route=\/wp\/v2\/posts\/1314\/revisions"}],"predecessor-version":[{"id":1319,"href":"http:\/\/www.rilke.ch\/index.php?rest_route=\/wp\/v2\/posts\/1314\/revisions\/1319"}],"wp:attachment":[{"href":"http:\/\/www.rilke.ch\/index.php?rest_route=%2Fwp%2Fv2%2Fmedia&parent=1314"}],"wp:term":[{"taxonomy":"category","embeddable":true,"href":"http:\/\/www.rilke.ch\/index.php?rest_route=%2Fwp%2Fv2%2Fcategories&post=1314"},{"taxonomy":"post_tag","embeddable":true,"href":"http:\/\/www.rilke.ch\/index.php?rest_route=%2Fwp%2Fv2%2Ftags&post=1314"}],"curies":[{"name":"wp","href":"https:\/\/api.w.org\/{rel}","templated":true}]}}